{"id":118573,"date":"2021-06-14T17:03:38","date_gmt":"2021-06-14T21:03:38","guid":{"rendered":"https:\/\/linitiative.ca\/International\/bouira-deux-manifestants-places-sous-mandat-de-depot\/"},"modified":"2021-06-14T17:03:38","modified_gmt":"2021-06-14T21:03:38","slug":"bouira-deux-manifestants-places-sous-mandat-de-depot","status":"publish","type":"post","link":"https:\/\/linitiative.ca\/International\/bouira-deux-manifestants-places-sous-mandat-de-depot\/","title":{"rendered":"Bouira : Deux manifestants plac\u00e9s sous mandat de d\u00e9p\u00f4t"},"content":{"rendered":"<h4 class=\"title-14\"\/>\n<p>Le tribunal de premi\u00e8re instance de Bouira a condamn\u00e9 en fin d\u2019apr\u00e8s-midi de ce lundi 14 juin deux personnes poursuivies pour \u00ab entrave \u00e0 l\u2019op\u00e9ration de vote \u00bb, \u00ab attroupement non arm\u00e9 \u00bb et \u00ab agression de l\u2019agent de l\u2019ordre \u00bb \u00e0 un an de prison ferme avec mise sous mandat de d\u00e9p\u00f4t, a-t-on appris de sources judiciaires.<\/p>\n<p>Sept personnes ont \u00e9t\u00e9 diff\u00e9r\u00e9es ce lundi devant le juge.<\/p>\n<p>Par ailleurs, l\u2019activiste Yahia Semache, interpell\u00e9 aujourd\u2019hui devant le tribunal de Bouira, est toujours en garde \u00e0 vue \u00e0 la s\u00fbret\u00e9 de wilaya.<\/p>\n<p><span class=\"post-views-label\">Post Views:<\/span> <span class=\"post-views-count\">0<\/span><\/p>\n<p><br class=\"c2\"\/><\/p>\n<div class=\"ichhar-moneytagnative c4\" id=\"ichhar-1624507332\">\n<p>Advertisements<\/p>\n<\/div>\n<p><br class=\"c2\"\/><br \/>\n<br class=\"c5\"\/><\/p>\n<p>Auteur: Mohand Yahiaoui<br \/>\n<a href=\"https:\/\/www.elwatan.com\/edition\/actualite\/bouira-deux-manifestants-places-sous-mandat-de-depot-14-06-2021\">Cliquez ici pour lire l&rsquo;article depuis sa source.<\/a><\/p>\n","protected":false},"excerpt":{"rendered":"<p>Le tribunal de premi\u00e8re instance de Bouira a condamn\u00e9 en fin d\u2019apr\u00e8s-midi de ce lundi 14 juin deux personnes poursuivies pour \u00ab entrave \u00e0 l\u2019op\u00e9ration de vote \u00bb, \u00ab attroupement non arm\u00e9 \u00bb et \u00ab agression de l\u2019agent de l\u2019ordre \u00bb \u00e0 un an de prison ferme avec mise sous mandat de d\u00e9p\u00f4t, a-t-on appris [&hellip;]<\/p>\n","protected":false},"author":1743,"featured_media":0,"comment_status":"closed","ping_status":"closed","sticky":false,"template":"","format":"standard","meta":{"fifu_image_url":"","fifu_image_alt":"","footnotes":""},"categories":[73,53],"tags":[],"class_list":["post-118573","post","type-post","status-publish","format-standard","hentry","category-actualite","category-algerie"],"_links":{"self":[{"href":"https:\/\/linitiative.ca\/International\/wp-json\/wp\/v2\/posts\/118573","targetHints":{"allow":["GET"]}}],"collection":[{"href":"https:\/\/linitiative.ca\/International\/wp-json\/wp\/v2\/posts"}],"about":[{"href":"https:\/\/linitiative.ca\/International\/wp-json\/wp\/v2\/types\/post"}],"author":[{"embeddable":true,"href":"https:\/\/linitiative.ca\/International\/wp-json\/wp\/v2\/users\/1743"}],"replies":[{"embeddable":true,"href":"https:\/\/linitiative.ca\/International\/wp-json\/wp\/v2\/comments?post=118573"}],"version-history":[{"count":0,"href":"https:\/\/linitiative.ca\/International\/wp-json\/wp\/v2\/posts\/118573\/revisions"}],"wp:attachment":[{"href":"https:\/\/linitiative.ca\/International\/wp-json\/wp\/v2\/media?parent=118573"}],"wp:term":[{"taxonomy":"category","embeddable":true,"href":"https:\/\/linitiative.ca\/International\/wp-json\/wp\/v2\/categories?post=118573"},{"taxonomy":"post_tag","embeddable":true,"href":"https:\/\/linitiative.ca\/International\/wp-json\/wp\/v2\/tags?post=118573"}],"curies":[{"name":"wp","href":"https:\/\/api.w.org\/{rel}","templated":true}]}}