{"id":118577,"date":"2021-06-14T11:35:00","date_gmt":"2021-06-14T15:35:00","guid":{"rendered":"https:\/\/linitiative.ca\/International\/journees-portes-ouvertes-a-agil\/"},"modified":"2021-06-14T11:35:00","modified_gmt":"2021-06-14T15:35:00","slug":"journees-portes-ouvertes-a-agil","status":"publish","type":"post","link":"https:\/\/linitiative.ca\/International\/journees-portes-ouvertes-a-agil\/","title":{"rendered":"Journ\u00e9es portes ouvertes \u00e0 AGIL"},"content":{"rendered":"<p>Aujourd\u2019hui, AGIL f\u00eate ses 60ans. A cette occasion, elle a organis\u00e9 des journ\u00e9es portes ouvertes \u00e0 son D\u00e9p\u00f4t carburants \u00e0 la zone p\u00e9troli\u00e8re de Rad\u00e8s.<\/p>\n<p>Fi\u00e8re de ses 60 ann\u00e9es d\u2019activit\u00e9s laborieuses, Agils est impos\u00e9e comme leader dans le march\u00e9 de la distribution p\u00e9troli\u00e8re en Tunisie.Gr\u00e2ce \u00e0 ses efforts, son dynamisme, son savoir-faire et sa capacit\u00e9 d&rsquo;innovation, AGIL estinscrite dans une d\u00e9marche de progr\u00e8s.<\/p>\n<p><img decoding=\"async\" src=\"\/uploads\/FCK_files\/_ZCX6635_resultat.jpg\" width=\"100%\" vspace=\"5\" hspace=\"5\" align=\"middle\" alt=\"\"\/><\/p>\n<p>Arm\u00e9e de ses fortesvaleurs d\u2019entreprise \u00ab Respect, Dynamisme, S\u00e9curit\u00e9 et Citoyennet\u00e9 \u00bb, et de sa vision \u00ab AGIL champion national \u00bb, la SNDP c\u00e9l\u00e8bre aujourd\u2019hui ses r\u00e9ussites et se projette dans l\u2019avenir.<\/p>\n<p>Aujourd\u2019hui, AGIL s\u2019inscrit dans l\u2019histoire \u00e0 travers l\u2019inauguration de son Mus\u00e9e dans l\u2019enceinte m\u00eame de son D\u00e9p\u00f4t Carburants, bijou industriel \u00e0 la pointe de la technologie. Ce mus\u00e9e, qui rassemble des \u00e9l\u00e9ments identitaires de son patrimoine,racontel\u2019histoire de ses m\u00e9tiers et de son savoir-faire. Ce lieu, au style vintage industriel, repr\u00e9sente l\u2019ancrage de la m\u00e9moire de la SNDP.<\/p>\n<p><img decoding=\"async\" src=\"\/uploads\/FCK_files\/COUVERTURE_resultat.jpg\" width=\"100%\" vspace=\"5\" hspace=\"5\" align=\"middle\" alt=\"\"\/><\/p>\n<p>Au programme de ces journ\u00e9es, la direction g\u00e9n\u00e9rale a organis\u00e9 une conf\u00e9rence de presse au cours de laquelle elle a annonc\u00e9\u00a0 un ensemble de nouveaut\u00e9s:<\/p>\n<p class=\"c3\"><span class=\"c2\"><strong>\u2022<\/strong><\/span> La r\u00e9alisation d\u2019une \u0153uvre artistique, en trompe-l\u2019\u0153il, a \u00e9t\u00e9 d\u00e9voil\u00e9e. Elle a \u00e9t\u00e9 con\u00e7ue \u00e0 l\u2019occasion du 60\u00e8me anniversaire de l\u2019entreprise par l\u2019artiste SBEI GNEOUI. L\u2019\u0153uvre, Sous formed\u2019anamorphose, repr\u00e9sentant le cheval Agil, a \u00e9t\u00e9 \u00e9labor\u00e9e \u00e0 partir d\u2019\u00e9quipements et accessoires repr\u00e9sentatifs de ses diff\u00e9rentes activit\u00e9s.<\/p>\n<p class=\"c3\"><span class=\"c2\"><strong>\u2022<\/strong><\/span> La cr\u00e9ationd\u2019un film institutionnel de type cin\u00e9matographique qui a \u00e9t\u00e9 produit autour de l\u2019\u0153uvre artistique et qui raconte le r\u00e9cit de ses 60 ans d\u2019existence: de l\u2019id\u00e9e \u00e0 la concr\u00e9tisation.<\/p>\n<p class=\"c3\"><span class=\"c2\"><strong>\u2022<\/strong><\/span> La g\u00e9n\u00e9ralisation des carburants additiv\u00e9s sur tout le r\u00e9seau de la SNDP et le lancement d\u2019une deuxi\u00e8me g\u00e9n\u00e9ration de carburants additiv\u00e9s, l&rsquo;AgilX Advanced en juillet 2021.<\/p>\n<p class=\"c3\"><span class=\"c2\"><strong>\u2022<\/strong><\/span> Le d\u00e9veloppement d\u2019un r\u00e9seau de points de recharge pour voitures \u00e9lectriques.\u00a0 A travers l\u2019installation de 10 bornes de recharge \u00e9lectrique d\u2019ici \u00e0 la fin 2021. A cet effet, une convention strat\u00e9gique avec H\u00e9lios BYD a \u00e9t\u00e9 sign\u00e9e.<\/p>\n<p class=\"c3\"><span class=\"c2\"><strong>\u2022<\/strong><\/span> Une convention de coop\u00e9ration dans le domaine de l\u2019\u00e9conomie circulaire avec la SOTULUB.<\/p>\n<p class=\"c3\"><span class=\"c2\"><strong>\u2022<\/strong><\/span> Une convention avec le minist\u00e8re des Affaires locales et de l&rsquo;Environnementsign\u00e9e le 5 juin 2021 et qui porte sur trois axes :<\/p>\n<p class=\"c4\">&#8211; L\u2019embellissement de l\u2019environnement avecpour objectif de contribuer \u00e0 la plantation d&rsquo;un million d&rsquo;arbres en milieu urbain sur 3 ans,<\/p>\n<p class=\"c4\">&#8211; La contribution \u00e0 la strat\u00e9gie nationale de l\u2019\u00e9conomie bleue, notamment\u00e0 travers le nettoyage des plages et la collecte des d\u00e9chets en plastique dans les ports de p\u00eache.<\/p>\n<p class=\"c4\">&#8211; Le d\u00e9veloppement du photovolta\u00efque dans les ports de p\u00eache.<\/p>\n<p>Auteur:<br \/>\n<a href=\"https:\/\/www.leaders.com.tn\/article\/32030-journees-portes-ouvertes-a-agil\">Cliquez ici pour lire l&rsquo;article depuis sa source.<\/a><\/p>\n","protected":false},"excerpt":{"rendered":"<p>Aujourd\u2019hui, AGIL f\u00eate ses 60ans. A cette occasion, elle a organis\u00e9 des journ\u00e9es portes ouvertes \u00e0 son D\u00e9p\u00f4t carburants \u00e0 la zone p\u00e9troli\u00e8re de Rad\u00e8s. Fi\u00e8re de ses 60 ann\u00e9es d\u2019activit\u00e9s laborieuses, Agils est impos\u00e9e comme leader dans le march\u00e9 de la distribution p\u00e9troli\u00e8re en Tunisie.Gr\u00e2ce \u00e0 ses efforts, son dynamisme, son savoir-faire et sa [&hellip;]<\/p>\n","protected":false},"author":1772,"featured_media":0,"comment_status":"closed","ping_status":"closed","sticky":false,"template":"","format":"standard","meta":{"fifu_image_url":"\/uploads\/FCK_files\/_ZCX6635_resultat.jpg","fifu_image_alt":"Journ\u00e9es portes ouvertes \u00e0 AGIL","footnotes":""},"categories":[73,55],"tags":[],"class_list":["post-118577","post","type-post","status-publish","format-standard","hentry","category-actualite","category-tunisie"],"_links":{"self":[{"href":"https:\/\/linitiative.ca\/International\/wp-json\/wp\/v2\/posts\/118577","targetHints":{"allow":["GET"]}}],"collection":[{"href":"https:\/\/linitiative.ca\/International\/wp-json\/wp\/v2\/posts"}],"about":[{"href":"https:\/\/linitiative.ca\/International\/wp-json\/wp\/v2\/types\/post"}],"author":[{"embeddable":true,"href":"https:\/\/linitiative.ca\/International\/wp-json\/wp\/v2\/users\/1772"}],"replies":[{"embeddable":true,"href":"https:\/\/linitiative.ca\/International\/wp-json\/wp\/v2\/comments?post=118577"}],"version-history":[{"count":0,"href":"https:\/\/linitiative.ca\/International\/wp-json\/wp\/v2\/posts\/118577\/revisions"}],"wp:attachment":[{"href":"https:\/\/linitiative.ca\/International\/wp-json\/wp\/v2\/media?parent=118577"}],"wp:term":[{"taxonomy":"category","embeddable":true,"href":"https:\/\/linitiative.ca\/International\/wp-json\/wp\/v2\/categories?post=118577"},{"taxonomy":"post_tag","embeddable":true,"href":"https:\/\/linitiative.ca\/International\/wp-json\/wp\/v2\/tags?post=118577"}],"curies":[{"name":"wp","href":"https:\/\/api.w.org\/{rel}","templated":true}]}}