{"id":118579,"date":"2021-06-14T06:00:00","date_gmt":"2021-06-14T10:00:00","guid":{"rendered":"https:\/\/linitiative.ca\/International\/delai-rallonge\/"},"modified":"2021-06-14T06:00:00","modified_gmt":"2021-06-14T10:00:00","slug":"delai-rallonge","status":"publish","type":"post","link":"https:\/\/linitiative.ca\/International\/delai-rallonge\/","title":{"rendered":"D\u00e9lai rallong\u00e9"},"content":{"rendered":"<p class=\"c3\">Initialement fix\u00e9 \u00e0 21 jours, l&rsquo;intervalle entre la premi\u00e8re et la seconde dose du vaccin russe contre le Covid 19-vient d&rsquo;\u00eatre rallong\u00e9 \u00e0 90 jours. C&rsquo;est ce qu&rsquo;indique la Direction de la pr\u00e9vention du minist\u00e8re de la Sant\u00e9 qui en a inform\u00e9 les diff\u00e9rentes structures de sant\u00e9, leur demandant de contacter individuellement les personnes ayant d\u00e9j\u00e0 re\u00e7u la premi\u00e8re dose et de les informer du report du rendez-vous pour l\u2019administration de la seconde dose.<\/p>\n<p>Auteur:<br \/>\n<a href=\"https:\/\/www.lesoirdalgerie.com\/periscoop\/delai-rallonge-62733\">Cliquez ici pour lire l&rsquo;article depuis sa source.<\/a><\/p>\n","protected":false},"excerpt":{"rendered":"<p>Initialement fix\u00e9 \u00e0 21 jours, l&rsquo;intervalle entre la premi\u00e8re et la seconde dose du vaccin russe contre le Covid 19-vient d&rsquo;\u00eatre rallong\u00e9 \u00e0 90 jours. C&rsquo;est ce qu&rsquo;indique la Direction de la pr\u00e9vention du minist\u00e8re de la Sant\u00e9 qui en a inform\u00e9 les diff\u00e9rentes structures de sant\u00e9, leur demandant de contacter individuellement les personnes ayant [&hellip;]<\/p>\n","protected":false},"author":1741,"featured_media":0,"comment_status":"closed","ping_status":"closed","sticky":false,"template":"","format":"standard","meta":{"fifu_image_url":"","fifu_image_alt":"","footnotes":""},"categories":[73,53],"tags":[],"class_list":["post-118579","post","type-post","status-publish","format-standard","hentry","category-actualite","category-algerie"],"_links":{"self":[{"href":"https:\/\/linitiative.ca\/International\/wp-json\/wp\/v2\/posts\/118579","targetHints":{"allow":["GET"]}}],"collection":[{"href":"https:\/\/linitiative.ca\/International\/wp-json\/wp\/v2\/posts"}],"about":[{"href":"https:\/\/linitiative.ca\/International\/wp-json\/wp\/v2\/types\/post"}],"author":[{"embeddable":true,"href":"https:\/\/linitiative.ca\/International\/wp-json\/wp\/v2\/users\/1741"}],"replies":[{"embeddable":true,"href":"https:\/\/linitiative.ca\/International\/wp-json\/wp\/v2\/comments?post=118579"}],"version-history":[{"count":0,"href":"https:\/\/linitiative.ca\/International\/wp-json\/wp\/v2\/posts\/118579\/revisions"}],"wp:attachment":[{"href":"https:\/\/linitiative.ca\/International\/wp-json\/wp\/v2\/media?parent=118579"}],"wp:term":[{"taxonomy":"category","embeddable":true,"href":"https:\/\/linitiative.ca\/International\/wp-json\/wp\/v2\/categories?post=118579"},{"taxonomy":"post_tag","embeddable":true,"href":"https:\/\/linitiative.ca\/International\/wp-json\/wp\/v2\/tags?post=118579"}],"curies":[{"name":"wp","href":"https:\/\/api.w.org\/{rel}","templated":true}]}}