{"id":11858,"date":"2019-02-06T15:14:16","date_gmt":"2019-02-06T20:14:16","guid":{"rendered":"https:\/\/linitiative.ca\/International\/pros-les-supporteurs-deverton-prets-a-accueillir-brahimi-a-bras-ouverts\/"},"modified":"2019-02-06T15:14:16","modified_gmt":"2019-02-06T20:14:16","slug":"pros-les-supporteurs-deverton-prets-a-accueillir-brahimi-a-bras-ouverts","status":"publish","type":"post","link":"https:\/\/linitiative.ca\/International\/pros-les-supporteurs-deverton-prets-a-accueillir-brahimi-a-bras-ouverts\/","title":{"rendered":"Pros : Les supporteurs d&rsquo;Everton pr\u00eats \u00e0 accueillir Brahimi \u00e0 bras ouverts"},"content":{"rendered":"<div readability=\"32\">\n<p>Auteur : <span class=\"time\">mercredi 06 f\u00e9vrier 2019 13:23<\/span><\/p>\n<\/div>\n<div id=\"post_core\" readability=\"41\">\n<p>En effet, suite aux informations parues dans la presse anglaise et qui \u00e9voquent un vif int\u00e9r\u00eat d&rsquo;Everton pour le recrutement de l&rsquo;international alg\u00e9rien en fin de saison, les supporteurs du club anglais se sont montr\u00e9s favorable \u00e0 un tel transfert et esp\u00e8rent voir leur direction conclure ce dossier dans les plus brefs d\u00e9lais.<\/p>\n<p>Rappelons que le contrat de Brahimi se termine en fin de saison et que depuis le 1 janvier, il est libre de discuter avec tout club d\u00e9sirant le recruter.<\/p>\n<p><strong>Publi\u00e9 dans :<\/strong> <span>Brahimi<\/span><\/p>\n<\/div>\n","protected":false},"excerpt":{"rendered":"<p>Auteur : mercredi 06 f\u00e9vrier 2019 13:23 En effet, suite aux informations parues dans la presse anglaise et qui \u00e9voquent un vif int\u00e9r\u00eat d&rsquo;Everton pour le recrutement de l&rsquo;international alg\u00e9rien en fin de saison, les supporteurs du club anglais se sont montr\u00e9s favorable \u00e0 un tel transfert et esp\u00e8rent voir leur direction conclure ce dossier [&hellip;]<\/p>\n","protected":false},"author":1738,"featured_media":11859,"comment_status":"closed","ping_status":"closed","sticky":false,"template":"","format":"standard","meta":{"fifu_image_url":"","fifu_image_alt":"","footnotes":""},"categories":[53,75],"tags":[],"class_list":["post-11858","post","type-post","status-publish","format-standard","has-post-thumbnail","hentry","category-algerie","category-sport"],"_links":{"self":[{"href":"https:\/\/linitiative.ca\/International\/wp-json\/wp\/v2\/posts\/11858","targetHints":{"allow":["GET"]}}],"collection":[{"href":"https:\/\/linitiative.ca\/International\/wp-json\/wp\/v2\/posts"}],"about":[{"href":"https:\/\/linitiative.ca\/International\/wp-json\/wp\/v2\/types\/post"}],"author":[{"embeddable":true,"href":"https:\/\/linitiative.ca\/International\/wp-json\/wp\/v2\/users\/1738"}],"replies":[{"embeddable":true,"href":"https:\/\/linitiative.ca\/International\/wp-json\/wp\/v2\/comments?post=11858"}],"version-history":[{"count":0,"href":"https:\/\/linitiative.ca\/International\/wp-json\/wp\/v2\/posts\/11858\/revisions"}],"wp:featuredmedia":[{"embeddable":true,"href":"https:\/\/linitiative.ca\/International\/wp-json\/"}],"wp:attachment":[{"href":"https:\/\/linitiative.ca\/International\/wp-json\/wp\/v2\/media?parent=11858"}],"wp:term":[{"taxonomy":"category","embeddable":true,"href":"https:\/\/linitiative.ca\/International\/wp-json\/wp\/v2\/categories?post=11858"},{"taxonomy":"post_tag","embeddable":true,"href":"https:\/\/linitiative.ca\/International\/wp-json\/wp\/v2\/tags?post=11858"}],"curies":[{"name":"wp","href":"https:\/\/api.w.org\/{rel}","templated":true}]}}