{"id":118580,"date":"2021-06-14T06:00:00","date_gmt":"2021-06-14T10:00:00","guid":{"rendered":"https:\/\/linitiative.ca\/International\/il-assimilait-le-viol-a-un-acte-sexuel\/"},"modified":"2021-06-14T06:00:00","modified_gmt":"2021-06-14T10:00:00","slug":"il-assimilait-le-viol-a-un-acte-sexuel","status":"publish","type":"post","link":"https:\/\/linitiative.ca\/International\/il-assimilait-le-viol-a-un-acte-sexuel\/","title":{"rendered":"Il assimilait le viol \u00e0 un acte sexuel !"},"content":{"rendered":"<p class=\"c3\">De mani\u00e8re g\u00e9n\u00e9rale et o\u00f9 que l\u2019on se trouve, \u00e0 chaque attentat, \u00e0 chaque prise d\u2019otages, une cellule psychologique est mise en place, parce que l\u2019on estime que les victimes ne s\u2019en sortiront pas d\u2019un claquement de doigts. Lorsque l\u2019association Djaza\u00efrouna des familles victimes du terrorisme islamiste a organis\u00e9 ses journ\u00e9es d\u00e9di\u00e9es \u00e0 son projet \u00abFemmes et r\u00e9sistance\u00bb, elle a invit\u00e9 \u00e0 venir t\u00e9moigner du travail accompli aupr\u00e8s de femmes qui ont surv\u00e9cu \u00e0 la trag\u00e9die des ann\u00e9es 90. Psychologues, membres d\u2019associations d\u00e9vou\u00e9es \u00e0 la cause des femmes victimes de violences au pluriel dont celles commises \u00e0 leur \u00e9gard par des violeurs et \u00e9gorgeurs en puissance, \u00e9lev\u00e9s au rang d\u2019\u00e9mirs par la volont\u00e9 d\u2019un Allah \u00e9tranger \u00e0 l\u2019Islam et aux musulmans. Des dizaines de milliers de jeunes ont manifest\u00e9 quasi quotidiennement, pour imposer qu\u2019on les entende. Ils ignorent presque tout de la d\u00e9cennie rouge, \u00e0 l\u2019exception de ceux dont la famille a \u00e9t\u00e9 touch\u00e9e de pr\u00e8s par le drame, quand d\u2019autres ont pens\u00e9 qu\u2019il serait plus rentable d\u2019en effacer les traces \u00e0 jamais.\u00a0<br \/>\u00a0Djaza\u00efrouna travaille, depuis quelques ann\u00e9es d\u00e9j\u00e0, \u00e0 la collecte de documents, de t\u00e9moignages de victimes et de professionnels \u00e9tant intervenus durant la d\u00e9cennie rouge aupr\u00e8s de survivants traumatis\u00e9s \u00e0 vie par le drame qui a compromis leur avenir. Couvertures de presse, reportages, t\u00e9moignages \u00e9crits, audiovisuels, th\u00e8ses et travaux de recherche, longs et courts m\u00e9trages\u2026 L\u2019objectif du travail amorc\u00e9, que l\u2019association qualifie de modeste, est\u00a0 impressionnant. Cr\u00e9er un fonds documentaire ouvert au monde et \u00e0 toute personne qui le consulterait pour un travail d\u00e9fini ou pour en savoir plus sur ce que l\u2019on ne dit pas des horreurs v\u00e9cues par un pays contraint \u00e0 la quarantaine par une complicit\u00e9 autant externe qu\u2019interne.\u00a0<br \/>Comment r\u00e9parer une victime dont les blessures peinent \u00e0 cicatriser et pourquoi le traumatisme est-il souvent impossible \u00e0 transcender ? Sellal, alors ministre de l\u2019Int\u00e9rieur, aujourd\u2019hui en prison, assimilait le viol \u00e0 un acte sexuel. Si l\u2019on indemnisait les femmes ayant subi les assauts de leurs bourreaux, on en ferait, selon lui, des prostitu\u00e9es !<br \/><em><strong>M. B.\u00a0<\/strong><\/em><\/p>\n<p>Auteur:<br \/>\n<a href=\"https:\/\/www.lesoirdalgerie.com\/soit-dit-en-passant\/il-assimilait-le-viol-a-un-acte-sexuel-62732\">Cliquez ici pour lire l&rsquo;article depuis sa source.<\/a><\/p>\n","protected":false},"excerpt":{"rendered":"<p>De mani\u00e8re g\u00e9n\u00e9rale et o\u00f9 que l\u2019on se trouve, \u00e0 chaque attentat, \u00e0 chaque prise d\u2019otages, une cellule psychologique est mise en place, parce que l\u2019on estime que les victimes ne s\u2019en sortiront pas d\u2019un claquement de doigts. Lorsque l\u2019association Djaza\u00efrouna des familles victimes du terrorisme islamiste a organis\u00e9 ses journ\u00e9es d\u00e9di\u00e9es \u00e0 son projet [&hellip;]<\/p>\n","protected":false},"author":1741,"featured_media":0,"comment_status":"closed","ping_status":"closed","sticky":false,"template":"","format":"standard","meta":{"fifu_image_url":"","fifu_image_alt":"","footnotes":""},"categories":[73,53],"tags":[],"class_list":["post-118580","post","type-post","status-publish","format-standard","hentry","category-actualite","category-algerie"],"_links":{"self":[{"href":"https:\/\/linitiative.ca\/International\/wp-json\/wp\/v2\/posts\/118580","targetHints":{"allow":["GET"]}}],"collection":[{"href":"https:\/\/linitiative.ca\/International\/wp-json\/wp\/v2\/posts"}],"about":[{"href":"https:\/\/linitiative.ca\/International\/wp-json\/wp\/v2\/types\/post"}],"author":[{"embeddable":true,"href":"https:\/\/linitiative.ca\/International\/wp-json\/wp\/v2\/users\/1741"}],"replies":[{"embeddable":true,"href":"https:\/\/linitiative.ca\/International\/wp-json\/wp\/v2\/comments?post=118580"}],"version-history":[{"count":0,"href":"https:\/\/linitiative.ca\/International\/wp-json\/wp\/v2\/posts\/118580\/revisions"}],"wp:attachment":[{"href":"https:\/\/linitiative.ca\/International\/wp-json\/wp\/v2\/media?parent=118580"}],"wp:term":[{"taxonomy":"category","embeddable":true,"href":"https:\/\/linitiative.ca\/International\/wp-json\/wp\/v2\/categories?post=118580"},{"taxonomy":"post_tag","embeddable":true,"href":"https:\/\/linitiative.ca\/International\/wp-json\/wp\/v2\/tags?post=118580"}],"curies":[{"name":"wp","href":"https:\/\/api.w.org\/{rel}","templated":true}]}}