{"id":118581,"date":"2021-06-14T06:00:00","date_gmt":"2021-06-14T10:00:00","guid":{"rendered":"https:\/\/linitiative.ca\/International\/vote-se-prononce-faute-en-darja\/"},"modified":"2021-06-14T06:00:00","modified_gmt":"2021-06-14T10:00:00","slug":"vote-se-prononce-faute-en-darja","status":"publish","type":"post","link":"https:\/\/linitiative.ca\/International\/vote-se-prononce-faute-en-darja\/","title":{"rendered":"Vote se prononce faute en darja"},"content":{"rendered":"<p class=\"c3\">On a beau soit pavoiser, comme le font certains inconscients, soit relativiser, ce qui est d\u00e9j\u00e0 plus politique, mais le vote a \u00e9t\u00e9 plut\u00f4t mollasson. Le folklore m\u00e9diatique qui sert de couverture du scrutin par la t\u00e9l\u00e9vision publique nous rappelle le bon vieux temps des \u00e9lections \u00e0 la lampe \u00e0 huile. Mais puisqu&rsquo;il semble que l&rsquo;abstention et le boycott ne sont pas un probl\u00e8me, faisons comme si&#8230; Mais jusqu&rsquo;\u00e0 quand ?<br \/><em><strong>A. T.<\/strong><\/em><\/p>\n<p>Auteur:<br \/>\n<a href=\"https:\/\/www.lesoirdalgerie.com\/digoutage\/vote-se-prononce-faute-en-darja-62731\">Cliquez ici pour lire l&rsquo;article depuis sa source.<\/a><\/p>\n","protected":false},"excerpt":{"rendered":"<p>On a beau soit pavoiser, comme le font certains inconscients, soit relativiser, ce qui est d\u00e9j\u00e0 plus politique, mais le vote a \u00e9t\u00e9 plut\u00f4t mollasson. Le folklore m\u00e9diatique qui sert de couverture du scrutin par la t\u00e9l\u00e9vision publique nous rappelle le bon vieux temps des \u00e9lections \u00e0 la lampe \u00e0 huile. Mais puisqu&rsquo;il semble que [&hellip;]<\/p>\n","protected":false},"author":1741,"featured_media":0,"comment_status":"closed","ping_status":"closed","sticky":false,"template":"","format":"standard","meta":{"fifu_image_url":"","fifu_image_alt":"","footnotes":""},"categories":[73,53],"tags":[],"class_list":["post-118581","post","type-post","status-publish","format-standard","hentry","category-actualite","category-algerie"],"_links":{"self":[{"href":"https:\/\/linitiative.ca\/International\/wp-json\/wp\/v2\/posts\/118581","targetHints":{"allow":["GET"]}}],"collection":[{"href":"https:\/\/linitiative.ca\/International\/wp-json\/wp\/v2\/posts"}],"about":[{"href":"https:\/\/linitiative.ca\/International\/wp-json\/wp\/v2\/types\/post"}],"author":[{"embeddable":true,"href":"https:\/\/linitiative.ca\/International\/wp-json\/wp\/v2\/users\/1741"}],"replies":[{"embeddable":true,"href":"https:\/\/linitiative.ca\/International\/wp-json\/wp\/v2\/comments?post=118581"}],"version-history":[{"count":0,"href":"https:\/\/linitiative.ca\/International\/wp-json\/wp\/v2\/posts\/118581\/revisions"}],"wp:attachment":[{"href":"https:\/\/linitiative.ca\/International\/wp-json\/wp\/v2\/media?parent=118581"}],"wp:term":[{"taxonomy":"category","embeddable":true,"href":"https:\/\/linitiative.ca\/International\/wp-json\/wp\/v2\/categories?post=118581"},{"taxonomy":"post_tag","embeddable":true,"href":"https:\/\/linitiative.ca\/International\/wp-json\/wp\/v2\/tags?post=118581"}],"curies":[{"name":"wp","href":"https:\/\/api.w.org\/{rel}","templated":true}]}}