{"id":118585,"date":"2021-06-14T11:32:35","date_gmt":"2021-06-14T15:32:35","guid":{"rendered":"https:\/\/linitiative.ca\/International\/crise-maroco-espagnole-entre-la-retenue-de-la-presse-marocaine-et-le-dechainement-des-journaux-iberiques\/"},"modified":"2021-06-14T11:32:35","modified_gmt":"2021-06-14T15:32:35","slug":"crise-maroco-espagnole-entre-la-retenue-de-la-presse-marocaine-et-le-dechainement-des-journaux-iberiques","status":"publish","type":"post","link":"https:\/\/linitiative.ca\/International\/crise-maroco-espagnole-entre-la-retenue-de-la-presse-marocaine-et-le-dechainement-des-journaux-iberiques\/","title":{"rendered":"Crise maroco espagnole. Entre la retenue de la presse marocaine et le d\u00e9cha\u00eenement des journaux ib\u00e9riques"},"content":{"rendered":"<p><strong>S\u2019il est un sujet commun des deux c\u00f4t\u00e9s du d\u00e9troit de Gibraltar qui suscite les passions et nourrit les discussions depuis quelques semaines, c\u2019est bien celui de la crise diplomatique entre les deux royaumes voisins et pr\u00e9tendument amis, le Maroc et l\u2019Espagne.<\/strong><\/p>\n<div class=\"c10\">\n<\/div>\n<p>Et comme il y a de l\u2019exc\u00e8s dans toute passion, cela n\u2019a pas manqu\u00e9 de d\u00e9teindre, comme une capsule de d\u00e9tergent sur du linge sale, sur les discours et sorties m\u00e9diatiques des uns et des autres, y compris \u00a0de ceux qui sont cens\u00e9s rester dans le factuel, l\u2019objectif voire garder la mesure. Aussi, ces derni\u00e8res semaines la presse espagnole fait montre d\u2019un d\u00e9cha\u00eenement sans pr\u00e9c\u00e9dent contre le Maroc et notamment sa monarchie, dans des articles surr\u00e9alistes et sans rapport avec les faits de la crise originelle ni m\u00eame ses d\u00e9veloppements directs.<\/p>\n<div id=\"div-gpt-ad-1623665508737-0\" class=\"c11\">\n<\/div>\n<p><strong>Lire aussi | <a href=\"https:\/\/www.challenge.ma\/sahara-lespagne-ne-veut-pas-ceder-de-peur-que-le-maroc-revendique-sebta-et-melilla-188306\/\">Sahara. L\u2019Espagne ne veut pas c\u00e9der de peur que le Maroc revendique Sebta et Melilla<\/a><\/strong><\/p>\n<p>Entre attaques ad hominem contre des membres de la famille royale marocaine et notamment leur pr\u00e9tendu train de vie \u00ab\u00a0d\u00e9mesur\u00e9\u00a0\u00bb et interpr\u00e9tations fallacieuses ou, \u00e0 tout le moins, tendancieuses des annonces et positions \u00e9mises ici et l\u00e0 \u00e0 travers le monde au sujet de la crise caus\u00e9e par un mis\u00e9rable arrangement de l\u2019axe \u00ab\u00a0dormant\u00a0\u00bb Madrid-Alger, certains de nos confr\u00e8res du voisin du nord ne ratent pas une occasion, pour d\u00e9placer le terrain du diff\u00e9rend politique et couac diplomatique vers celui de la calomnie et l\u2019intoxication.<\/p>\n<p>Une fuite en avant lamentable qui ne peut avoir pour ressort, venant d\u2019un quatri\u00e8me pouvoir d\u2019une d\u00e9mocratie qui se veut \u00e9tablie et bien ancr\u00e9e (certes ayant \u00e0 peine l\u2019\u00e2ge moyen des plumitifs qui sont \u00e0 l\u2019\u0153uvre contre notre pays et son syst\u00e8me politique), que la volont\u00e9 de camoufler le v\u00e9ritable embrouillamini dans lequel s\u2019est emp\u00eatr\u00e9 le gouvernement de Pedro Sanchez dans cette \u00ab\u00a0Affaire Brahim Ghali\u00a0\u00bb o\u00f9 il a viol\u00e9 son propre code p\u00e9nal\u00a0pour faire plaisir \u00e0 Alger\u00a0! Sans compter que le code d\u2019honneur de bon voisinage avec un pr\u00e9tendu \u00ab\u00a0alli\u00e9\u00a0\u00bb qu\u2019il a bafou\u00e9 all\u00e8grement et sans aucune contrition apr\u00e8s que ses man\u0153uvres en catimini eussent \u00e9t\u00e9 d\u00e9voil\u00e9es.<\/p>\n<p><strong>Lire aussi | <a href=\"https:\/\/www.challenge.ma\/maroc-espagne-non-aux-delires-187858\/\">Maroc-Espagne. Non aux d\u00e9lires [Par Jamal Berraoui]<\/a><\/strong><\/p>\n<p>Ce qui est, par contre, \u00e0 saluer, c\u2019est la formidable retenue de la quasi-totalit\u00e9 des organes de la presse marocaine toutes ob\u00e9diences confondues qui ont, certes, fait de l\u2019\u00e9v\u00e8nement leurs choux gras avec, par moments et pour certains, une louche de \u00ab\u00a0castillannerie\u00a0\u00bb (pas surprenante vu l\u2019identit\u00e9 du protagoniste\u00a0!). Mais \u00e0 aucun moment, les journalistes marocains se sont adonn\u00e9s \u00e0 la critique acerbe, aux attaques personnelles ou \u00e0 l\u2019entretien soigneux des affaires quand bien m\u00eame la famille royale espagnole, dont le prestige de la couronne a \u00e9t\u00e9 \u00e9rod\u00e9 par les\u00a0scandales \u00e0 r\u00e9p\u00e9tition des derni\u00e8res ann\u00e9es, en donne un vivier in\u00e9puisable.<\/p>\n<p>Une sagesse et une retenue qui s\u2019inscrivent en relief (en tout cas \u00e0 date de valeur d\u2019aujourd\u2019hui\u00a0!) du cartel de l\u2019histoire moderne des relations entre les deux pays. Quant \u00e0 nos chers confr\u00e8res ib\u00e9riques, on ne peut, en paraphrasant la c\u00e9l\u00e8bre maxime de la calomnie de Bacon, que leur dire\u00a0: \u00ab\u00a0vomissez, vomissez Messieurs votre haine pass\u00e9iste, il en restera toujours quelques chose pour construire l\u2019avenir\u00a0\u00bb\u00a0<\/p>\n<div id=\"div-gpt-ad-1623666116734-0\" class=\"c11\">\n<\/div>\n<p>Auteur: challenge<br \/>\n<a href=\"https:\/\/www.challenge.ma\/crise-maroco-espagnole-entre-la-retenue-de-la-presse-marocaine-et-le-dechainement-des-journaux-iberiques-188340\/\">Cliquez ici pour lire l&rsquo;article depuis sa source.<\/a><\/p>\n","protected":false},"excerpt":{"rendered":"<p>S\u2019il est un sujet commun des deux c\u00f4t\u00e9s du d\u00e9troit de Gibraltar qui suscite les passions et nourrit les discussions depuis quelques semaines, c\u2019est bien celui de la crise diplomatique entre les deux royaumes voisins et pr\u00e9tendument amis, le Maroc et l\u2019Espagne. Et comme il y a de l\u2019exc\u00e8s dans toute passion, cela n\u2019a pas [&hellip;]<\/p>\n","protected":false},"author":1787,"featured_media":0,"comment_status":"closed","ping_status":"closed","sticky":false,"template":"","format":"standard","meta":{"fifu_image_url":"","fifu_image_alt":"","footnotes":""},"categories":[78,54],"tags":[],"class_list":["post-118585","post","type-post","status-publish","format-standard","hentry","category-economie","category-maroc"],"_links":{"self":[{"href":"https:\/\/linitiative.ca\/International\/wp-json\/wp\/v2\/posts\/118585","targetHints":{"allow":["GET"]}}],"collection":[{"href":"https:\/\/linitiative.ca\/International\/wp-json\/wp\/v2\/posts"}],"about":[{"href":"https:\/\/linitiative.ca\/International\/wp-json\/wp\/v2\/types\/post"}],"author":[{"embeddable":true,"href":"https:\/\/linitiative.ca\/International\/wp-json\/wp\/v2\/users\/1787"}],"replies":[{"embeddable":true,"href":"https:\/\/linitiative.ca\/International\/wp-json\/wp\/v2\/comments?post=118585"}],"version-history":[{"count":0,"href":"https:\/\/linitiative.ca\/International\/wp-json\/wp\/v2\/posts\/118585\/revisions"}],"wp:attachment":[{"href":"https:\/\/linitiative.ca\/International\/wp-json\/wp\/v2\/media?parent=118585"}],"wp:term":[{"taxonomy":"category","embeddable":true,"href":"https:\/\/linitiative.ca\/International\/wp-json\/wp\/v2\/categories?post=118585"},{"taxonomy":"post_tag","embeddable":true,"href":"https:\/\/linitiative.ca\/International\/wp-json\/wp\/v2\/tags?post=118585"}],"curies":[{"name":"wp","href":"https:\/\/api.w.org\/{rel}","templated":true}]}}