{"id":118587,"date":"2021-06-14T13:45:28","date_gmt":"2021-06-14T17:45:28","guid":{"rendered":"https:\/\/linitiative.ca\/International\/operation-marhaba-les-hoteliers-sengagent-a-appliquer-des-offres-tarifaires-exceptionnelles-pour-les-mre\/"},"modified":"2021-06-14T13:45:28","modified_gmt":"2021-06-14T17:45:28","slug":"operation-marhaba-les-hoteliers-sengagent-a-appliquer-des-offres-tarifaires-exceptionnelles-pour-les-mre","status":"publish","type":"post","link":"https:\/\/linitiative.ca\/International\/operation-marhaba-les-hoteliers-sengagent-a-appliquer-des-offres-tarifaires-exceptionnelles-pour-les-mre\/","title":{"rendered":"Op\u00e9ration Marhaba. Les h\u00f4teliers s\u2019engagent \u00e0 appliquer des offres tarifaires exceptionnelles pour les MRE"},"content":{"rendered":"<p><strong>Suite aux instructions de S.M. le Roi Mohammed VI, la Conf\u00e9d\u00e9ration Nationale du Tourisme (CNT), r\u00e9unie ce lundi 14 juin, s\u2019est engag\u00e9e \u00e0 r\u00e9server aux Marocains R\u00e9sidant \u00e0 l\u2019Etranger\u00a0 (MRE) des conditions tarifaires exceptionnelles pour leur s\u00e9jour dans les \u00e9tablissements d\u2019h\u00e9bergement touristique class\u00e9s.<\/strong><\/p>\n<div class=\"c10\">\n<\/div>\n<p>Depuis que S.M. le Roi a donn\u00e9 ses instructions pour faciliter le retour des Marocains r\u00e9sidant \u00e0 l\u2019\u00e9tranger (MRE) dans leur pays, les bonnes nouvelles s\u2019enchainent pour les Marocains du monde. Apr\u00e8s les intervenants dans le domaine du transport a\u00e9rien, en particulier la compagnie a\u00e9rienne nationale Royal Air Maroc (RAM), c\u2019est au tour des professionnels du tourisme de s\u2019impliquer pour la r\u00e9ussite de l\u2019op\u00e9ration Marhaba 2021. En effet, la Conf\u00e9d\u00e9ration Nationale du Tourisme (CNT), qui regroupe l\u2019ensemble des f\u00e9d\u00e9rations professionnelles de l\u2019industrie touristique marocaine s\u2019est r\u00e9unie d\u00e8s ce lundi 14 Juin, afin de mettre en place la politique d\u2019accueil destin\u00e9e aux MRE, qui visiteront le Royaume, au cours de la saison estivale 2021.<\/p>\n<div id=\"div-gpt-ad-1623665508737-0\" class=\"c11\">\n<\/div>\n<p><strong>Lire aussi | <a href=\"https:\/\/www.challenge.ma\/crise-maroco-espagnole-entre-la-retenue-de-la-presse-marocaine-et-le-dechainement-des-journaux-iberiques-188340\/\">Crise maroco espagnole. Entre la retenue de la presse marocaine et le d\u00e9cha\u00eenement des journaux ib\u00e9riques<\/a><\/strong><\/p>\n<p>\u00ab La <a href=\"http:\/\/www.cnt.ma\/\">CNT<\/a> et l\u2019ensemble de ses membres accueille avec fiert\u00e9 et enthousiasme la tr\u00e8s Haute Sollicitude de Sa Majest\u00e9 le Roi, envers l\u2019industrie touristique marocaine, et dont les hautes orientations constituent un signal fort pour le red\u00e9marrage tant esp\u00e9r\u00e9 du secteur du tourisme au Maroc, apr\u00e8s plus de 15 mois d\u2019arr\u00eat d\u2019activit\u00e9, dans le contexte de la crise sanitaire Covid-19 \u00bb, indiquent les op\u00e9rateurs touristiques.<\/p>\n<p>Ainsi, l\u2019ensemble des op\u00e9rateurs se sont engag\u00e9s \u00e0 accueillir les ressortissants marocains dans les meilleures conditions de s\u00e9curit\u00e9 sanitaire, et leur r\u00e9serve \u00e9galement des conditions tarifaires exceptionnelles pour leur s\u00e9jour dans les \u00e9tablissements d\u2019h\u00e9bergement touristique class\u00e9s, toute cat\u00e9gorie confondue, et \u00e0 travers l\u2019ensemble du territoire marocain, ainsi que pour l\u2019ensemble des prestations et services constituant l\u2019exp\u00e9rience touristique marocaine. Une campagne sp\u00e9cifique d\u00e9taillant les modalit\u00e9s exceptionnelles pour la saison estivale 2021 sera diffus\u00e9e dans les prochains jours.<\/p>\n<p><strong>Lire aussi | <a href=\"https:\/\/www.challenge.ma\/apres-les-instructions-de-s-m-le-roi-pour-faciliter-le-retour-des-mre-la-ram-baisse-effectivement-ses-tarifs-188248\/\">Apr\u00e8s les instructions de S.M. le Roi pour faciliter le retour des MRE, la RAM baisse effectivement ses tarifs<\/a><\/strong><\/p>\n<div id=\"div-gpt-ad-1623666116734-0\" class=\"c11\">\n<\/div>\n<p>Auteur: Adama Sylla<br \/>\n<a href=\"https:\/\/www.challenge.ma\/operation-marhaba-les-hoteliers-sengagent-a-appliquer-des-tarifaires-exceptionnelles-pour-les-mre-188388\/\">Cliquez ici pour lire l&rsquo;article depuis sa source.<\/a><\/p>\n","protected":false},"excerpt":{"rendered":"<p>Suite aux instructions de S.M. le Roi Mohammed VI, la Conf\u00e9d\u00e9ration Nationale du Tourisme (CNT), r\u00e9unie ce lundi 14 juin, s\u2019est engag\u00e9e \u00e0 r\u00e9server aux Marocains R\u00e9sidant \u00e0 l\u2019Etranger\u00a0 (MRE) des conditions tarifaires exceptionnelles pour leur s\u00e9jour dans les \u00e9tablissements d\u2019h\u00e9bergement touristique class\u00e9s. Depuis que S.M. le Roi a donn\u00e9 ses instructions pour faciliter le [&hellip;]<\/p>\n","protected":false},"author":1787,"featured_media":0,"comment_status":"closed","ping_status":"closed","sticky":false,"template":"","format":"standard","meta":{"fifu_image_url":"","fifu_image_alt":"","footnotes":""},"categories":[78,54],"tags":[],"class_list":["post-118587","post","type-post","status-publish","format-standard","hentry","category-economie","category-maroc"],"_links":{"self":[{"href":"https:\/\/linitiative.ca\/International\/wp-json\/wp\/v2\/posts\/118587","targetHints":{"allow":["GET"]}}],"collection":[{"href":"https:\/\/linitiative.ca\/International\/wp-json\/wp\/v2\/posts"}],"about":[{"href":"https:\/\/linitiative.ca\/International\/wp-json\/wp\/v2\/types\/post"}],"author":[{"embeddable":true,"href":"https:\/\/linitiative.ca\/International\/wp-json\/wp\/v2\/users\/1787"}],"replies":[{"embeddable":true,"href":"https:\/\/linitiative.ca\/International\/wp-json\/wp\/v2\/comments?post=118587"}],"version-history":[{"count":0,"href":"https:\/\/linitiative.ca\/International\/wp-json\/wp\/v2\/posts\/118587\/revisions"}],"wp:attachment":[{"href":"https:\/\/linitiative.ca\/International\/wp-json\/wp\/v2\/media?parent=118587"}],"wp:term":[{"taxonomy":"category","embeddable":true,"href":"https:\/\/linitiative.ca\/International\/wp-json\/wp\/v2\/categories?post=118587"},{"taxonomy":"post_tag","embeddable":true,"href":"https:\/\/linitiative.ca\/International\/wp-json\/wp\/v2\/tags?post=118587"}],"curies":[{"name":"wp","href":"https:\/\/api.w.org\/{rel}","templated":true}]}}