{"id":118593,"date":"2021-06-14T17:18:31","date_gmt":"2021-06-14T21:18:31","guid":{"rendered":"https:\/\/linitiative.ca\/International\/tunisie-visite-officielle-de-kais-saied-en-italie-les-16-et-17-juin\/"},"modified":"2021-06-14T17:18:31","modified_gmt":"2021-06-14T21:18:31","slug":"tunisie-visite-officielle-de-kais-saied-en-italie-les-16-et-17-juin","status":"publish","type":"post","link":"https:\/\/linitiative.ca\/International\/tunisie-visite-officielle-de-kais-saied-en-italie-les-16-et-17-juin\/","title":{"rendered":"Tunisie \u2013 Visite officielle de Ka\u00efs Sa\u00efed en Italie les 16 et 17 juin"},"content":{"rendered":"<div class=\"post-cont-in left relative\">\n<div id=\"post-info-wrap\" class=\"left relative post-info-out\">\n<div class=\"post-info-img left relative\"><img decoding=\"async\" alt=\"\" src=\"https:\/\/secure.gravatar.com\/avatar\/047123be9d5e8513774383916ee72db2?s=50&amp;d=mm&amp;r=g\" srcset=\"https:\/\/secure.gravatar.com\/avatar\/047123be9d5e8513774383916ee72db2?s=100&amp;d=mm&amp;r=g 2x\" class=\"avatar avatar-50 photo\" height=\"50\" width=\"50\" loading=\"lazy\"\/><\/div>\n<div class=\"post-info-in post-info-right left relative post-info-name left relative\"><span><span class=\"post-info-text\">Par<\/span> <span class=\"author-name vcard fn author\"><a href=\"https:\/\/www.tunisienumerique.com\/author\/lm\/\" title=\"Articles par LM\" rel=\"author\">LM<\/a><\/span><\/span> <span class=\"post-date updated\"><time class=\"post-date updated\" datetime=\"2021-06-14\">\u00a0| Il y a 29 secondes<\/time><\/span><br \/>\n<meta itemprop=\"dateModified\" content=\"2021-06-14\"\/><\/div>\n<\/div>\n<p><span class=\"ssb_inline-share_heading left\">Cet article vous a \u00e9t\u00e9 utile? Partagez le, il int\u00e9ressera d\u2019autres personnes. Merci!<\/span><\/p>\n<div class=\"simplesocialbuttons simplesocial-round-btm-border simplesocialbuttons_inline simplesocialbuttons-align-left post-671435 post simplesocialbuttons-inline-no-animation\"><button class=\"simplesocial-fb-share\" target=\"_blank\" data-href=\"https:\/\/www.facebook.com\/sharer\/sharer.php?u=https:\/\/www.tunisienumerique.com\/tunisie-visite-officielle-de-kais-saied-en-italie-les-16-et-17-juin\/\" onclick=\"javascript:window.open(this.dataset.href, '', 'menubar=no,toolbar=no,resizable=yes,scrollbars=yes,height=600,width=600');return false;\"><span class=\"simplesocialtxt\">Facebook<\/span><\/button> <button class=\"simplesocial-twt-share\" data-href=\"https:\/\/twitter.com\/share?text=Tunisie+%E2%80%93+Visite+officielle+de+Ka%C3%AFs+Sa%C3%AFed+en+Italie+les+16+et+17+juin&amp;url=https:\/\/www.tunisienumerique.com\/tunisie-visite-officielle-de-kais-saied-en-italie-les-16-et-17-juin\/\" rel=\"nofollow\" onclick=\"javascript:window.open(this.dataset.href, '', 'menubar=no,toolbar=no,resizable=yes,scrollbars=yes,height=600,width=600');return false;\"><span class=\"simplesocialtxt\">Twitter<\/span><\/button> <button target=\"popup\" class=\"simplesocial-linkedin-share\" data-href=\"https:\/\/www.linkedin.com\/cws\/share?url=https:\/\/www.tunisienumerique.com\/tunisie-visite-officielle-de-kais-saied-en-italie-les-16-et-17-juin\/\" onclick=\"javascript:window.open(this.dataset.href, '', 'menubar=no,toolbar=no,resizable=yes,scrollbars=yes,height=600,width=600');return false;\"><span class=\"simplesocialtxt\">LinkedIn<\/span><\/button> <button onclick=\"javascript:window.open(this.dataset.href, '_blank' );return false;\" class=\"simplesocial-whatsapp-share\" data-href=\"https:\/\/web.whatsapp.com\/send?text=https:\/\/www.tunisienumerique.com\/tunisie-visite-officielle-de-kais-saied-en-italie-les-16-et-17-juin\/\"><span class=\"simplesocialtxt\">WhatsApp<\/span><\/button><\/p>\n<\/div>\n<div class=\"code-block code-block-1 c4\">\n <ins class=\"adsbygoogle c3\" data-ad-layout=\"in-article\" data-ad-format=\"fluid\" data-ad-client=\"ca-pub-2102118777505746\" data-ad-slot=\"7301775417\"\/>\n<\/div>\n<p>La pr\u00e9sidence de la R\u00e9publique a annonc\u00e9 la prochaine visite officielle de Ka\u00efs Sa\u00efed, en Italie, les 16 et 17 juin courant. Et ce, sur invitation de son homologue italien, Sergio Matarella.<\/p>\n<p>Ka\u00efs Sa\u00efed rencontrera, au cours de cette visite, le pr\u00e9sident italien, ainsi que le chef du gouvernement.<\/p>\n<p>Cette visite s\u2019inscrit, selon le communiqu\u00e9 de la pr\u00e9sidence, dans le cadre de la promotion de la coop\u00e9ration entre les deux pays, notamment, dans les sujets d\u2019int\u00e9r\u00eat commun, et les sujets ayant trait \u00e0 la situation dans la r\u00e9gion.<\/p>\n<p><span class=\"ssb_inline-share_heading left\">Cet article vous a \u00e9t\u00e9 utile? Partagez le, il int\u00e9ressera d\u2019autres personnes. Merci!<\/span><\/p>\n<div class=\"simplesocialbuttons simplesocial-round-btm-border simplesocialbuttons_inline simplesocialbuttons-align-left post-671435 post simplesocialbuttons-inline-no-animation\"><button class=\"simplesocial-fb-share\" target=\"_blank\" data-href=\"https:\/\/www.facebook.com\/sharer\/sharer.php?u=https:\/\/www.tunisienumerique.com\/tunisie-visite-officielle-de-kais-saied-en-italie-les-16-et-17-juin\/\" onclick=\"javascript:window.open(this.dataset.href, '', 'menubar=no,toolbar=no,resizable=yes,scrollbars=yes,height=600,width=600');return false;\"><span class=\"simplesocialtxt\">Facebook<\/span><\/button> <button class=\"simplesocial-twt-share\" data-href=\"https:\/\/twitter.com\/share?text=Tunisie+%E2%80%93+Visite+officielle+de+Ka%C3%AFs+Sa%C3%AFed+en+Italie+les+16+et+17+juin&amp;url=https:\/\/www.tunisienumerique.com\/tunisie-visite-officielle-de-kais-saied-en-italie-les-16-et-17-juin\/\" rel=\"nofollow\" onclick=\"javascript:window.open(this.dataset.href, '', 'menubar=no,toolbar=no,resizable=yes,scrollbars=yes,height=600,width=600');return false;\"><span class=\"simplesocialtxt\">Twitter<\/span><\/button> <button target=\"popup\" class=\"simplesocial-linkedin-share\" data-href=\"https:\/\/www.linkedin.com\/cws\/share?url=https:\/\/www.tunisienumerique.com\/tunisie-visite-officielle-de-kais-saied-en-italie-les-16-et-17-juin\/\" onclick=\"javascript:window.open(this.dataset.href, '', 'menubar=no,toolbar=no,resizable=yes,scrollbars=yes,height=600,width=600');return false;\"><span class=\"simplesocialtxt\">LinkedIn<\/span><\/button> <button onclick=\"javascript:window.open(this.dataset.href, '_blank' );return false;\" class=\"simplesocial-whatsapp-share\" data-href=\"https:\/\/web.whatsapp.com\/send?text=https:\/\/www.tunisienumerique.com\/tunisie-visite-officielle-de-kais-saied-en-italie-les-16-et-17-juin\/\"><span class=\"simplesocialtxt\">WhatsApp<\/span><\/button><\/p>\n<\/div>\n<p><strong>Que se passe-t-il en Tunisie?<\/strong><br \/>Nous expliquons sur notre <a href=\"https:\/\/www.youtube.com\/channel\/UCRzypVq0B_yBad5eGrwBx0Q?sub_confirmation=1\" target=\"_blank\" rel=\"noopener\">cha\u00eene YouTube<\/a> . <a href=\"https:\/\/www.youtube.com\/channel\/UCRzypVq0B_yBad5eGrwBx0Q?sub_confirmation=1\" target=\"_blank\" rel=\"noopener\">Abonnez-vous!<\/a><\/p>\n<div class=\"mvp-org-wrap\" itemprop=\"publisher\">\n<div class=\"mvp-org-logo\" itemprop=\"logo\"><img decoding=\"async\" src=\"https:\/\/www.tunisienumerique.com\/wp-content\/uploads\/2017\/02\/logo_tunisie_numerique.png\"\/><br \/>\n<meta itemprop=\"url\" content=\"https:\/\/www.tunisienumerique.com\/wp-content\/uploads\/2017\/02\/logo_tunisie_numerique.png\"\/><\/div>\n<p><meta content=\"Tunisie\"\/><\/div>\n<div class=\"mvp-related-posts left relative\">\n<h4 class=\"post-header\"><span class=\"post-header\">Lire aussi<\/span><\/h4>\n<\/div>\n<div id=\"article-ad\">\n <ins class=\"adsbygoogle c5\" data-ad-client=\"ca-pub-2102118777505746\" data-ad-slot=\"6513972734\" data-ad-format=\"auto\" data-full-width-responsive=\"true\"\/>\n<\/div>\n<\/div>\n<div id=\"post-sidebar-wrap\">\n <ins class=\"adsbygoogle c5\" data-ad-client=\"ca-pub-2102118777505746\" data-ad-slot=\"6168283410\" data-ad-format=\"auto\" data-full-width-responsive=\"true\"\/>\n<\/div>\n<p>Auteur: LM<br \/>\n<a href=\"https:\/\/www.tunisienumerique.com\/tunisie-visite-officielle-de-kais-saied-en-italie-les-16-et-17-juin\/\">Cliquez ici pour lire l&rsquo;article depuis sa source.<\/a><\/p>\n","protected":false},"excerpt":{"rendered":"<p>Par LM \u00a0| Il y a 29 secondes Cet article vous a \u00e9t\u00e9 utile? Partagez le, il int\u00e9ressera d\u2019autres personnes. Merci! Facebook Twitter LinkedIn WhatsApp La pr\u00e9sidence de la R\u00e9publique a annonc\u00e9 la prochaine visite officielle de Ka\u00efs Sa\u00efed, en Italie, les 16 et 17 juin courant. Et ce, sur invitation de son homologue italien, [&hellip;]<\/p>\n","protected":false},"author":1789,"featured_media":0,"comment_status":"closed","ping_status":"closed","sticky":false,"template":"","format":"standard","meta":{"fifu_image_url":"https:\/\/secure.gravatar.com\/avatar\/047123be9d5e8513774383916ee72db2?s=50&d=mm&r=g","fifu_image_alt":"Tunisie \u2013 Visite officielle de Ka\u00efs Sa\u00efed en Italie les 16 et 17 juin","footnotes":""},"categories":[73,55],"tags":[],"class_list":["post-118593","post","type-post","status-publish","format-standard","hentry","category-actualite","category-tunisie"],"_links":{"self":[{"href":"https:\/\/linitiative.ca\/International\/wp-json\/wp\/v2\/posts\/118593","targetHints":{"allow":["GET"]}}],"collection":[{"href":"https:\/\/linitiative.ca\/International\/wp-json\/wp\/v2\/posts"}],"about":[{"href":"https:\/\/linitiative.ca\/International\/wp-json\/wp\/v2\/types\/post"}],"author":[{"embeddable":true,"href":"https:\/\/linitiative.ca\/International\/wp-json\/wp\/v2\/users\/1789"}],"replies":[{"embeddable":true,"href":"https:\/\/linitiative.ca\/International\/wp-json\/wp\/v2\/comments?post=118593"}],"version-history":[{"count":0,"href":"https:\/\/linitiative.ca\/International\/wp-json\/wp\/v2\/posts\/118593\/revisions"}],"wp:attachment":[{"href":"https:\/\/linitiative.ca\/International\/wp-json\/wp\/v2\/media?parent=118593"}],"wp:term":[{"taxonomy":"category","embeddable":true,"href":"https:\/\/linitiative.ca\/International\/wp-json\/wp\/v2\/categories?post=118593"},{"taxonomy":"post_tag","embeddable":true,"href":"https:\/\/linitiative.ca\/International\/wp-json\/wp\/v2\/tags?post=118593"}],"curies":[{"name":"wp","href":"https:\/\/api.w.org\/{rel}","templated":true}]}}