{"id":118594,"date":"2021-06-14T15:59:36","date_gmt":"2021-06-14T19:59:36","guid":{"rendered":"https:\/\/linitiative.ca\/International\/scandale-sexuel-au-sein-de-la-federation-malienne-de-basket-ball\/"},"modified":"2021-06-14T15:59:36","modified_gmt":"2021-06-14T19:59:36","slug":"scandale-sexuel-au-sein-de-la-federation-malienne-de-basket-ball","status":"publish","type":"post","link":"https:\/\/linitiative.ca\/International\/scandale-sexuel-au-sein-de-la-federation-malienne-de-basket-ball\/","title":{"rendered":"SCANDALE SEXUEL AU SEIN DE LA FEDERATION MALIENNE DE BASKET-BALL  \u00a0"},"content":{"rendered":"<p class=\"c4\"><em>Le pr\u00e9sident de la F\u00e9d\u00e9ration internationale de basket\u00a0 (FIBA), le Malien Hamane Niang, s\u2019est retir\u00e9 \u00ab au moins temporairement \u00bb de son poste, le 13 juin 2021, suite \u00e0 la publication d\u2019une enqu\u00eate du New York Times le visant pour avoir \u00ab ignor\u00e9 \u00bb des comportements de harc\u00e8lement sexuel durant 12 ans. Selon les informations du New York Times, le Malien Hamane Niang a \u00ab largement ignor\u00e9 l\u2019agression de femmes pendant une douzaine d\u2019ann\u00e9es entre 1999 et 2011, lorsqu\u2019il a d\u2019abord \u00e9t\u00e9 pr\u00e9sident de la F\u00e9d\u00e9ration malienne de basket, puis ministre des Sports de son pays. \u00bb A la suite d\u2019une enqu\u00eate r\u00e9alis\u00e9e par le journal am\u00e9ricain sur des all\u00e9gations de harc\u00e8lement sexuel sur des dizaines de joueuses au Mali, majoritairement au moment des faits pr\u00e9sum\u00e9s, Hamane Niang a d\u00e9cid\u00e9 de se retirer \u00ab au moins temporairement \u00bb de ses fonctions afin de faciliter le travail aux enqu\u00eateurs. La f\u00e9d\u00e9ration internationale de basketball a r\u00e9agi \u00e0 l\u2019enqu\u00eate et souhaite \u00ab une tol\u00e9rance z\u00e9ro \u00e0 l\u2019\u00e9gard de toutes les formes de harc\u00e8lement et d\u2019abus \u00bb tout en respectant la pr\u00e9somption d\u2019innocence de Hamane Niang. Bien que le mis en cause \u00ab rejette fermement \u00bb les accusations port\u00e9es par Jere Longman et Romain Molina, force est de constater que ce scandale ne sera pas sans cons\u00e9quence.<\/em><\/p>\n<p class=\"c6\"><strong><em>Un coup de semonce dans les couloirs de la FIBA<\/em><\/strong><\/p>\n<p class=\"c4\"><em>\u00a0<\/em><\/p>\n<p class=\"c4\"><em>En effet, au moment o\u00f9 l\u2019on croyait que le monde de la balle au panier \u00e9tait, sans tambour ni trompette, en train de tisser sa toile, pour atteindre le niveau du football ou m\u00eame du karat\u00e9, ce scandale r\u00e9sonne pour de nombreux observateurs, comme un coup de semonce dans les couloirs de la FIBA. Reste que pour de nombreux soutiens de Hamane Niang, ces accusations ne visent qu\u2019\u00e0 \u00e9liminer un homme politique qui aura contribu\u00e9 \u00e0 faire du Mali, un des acteurs majeurs des parquets \u00e0 l\u2019\u00e9poque o\u00f9 il dirigeait les instances maliennes de basket. Cela dit, m\u00eame s\u2019il sort blanchi de cette affaire, son image prendra un s\u00e9rieux coup et son autorit\u00e9 mise \u00e0 mal au regard de la gravit\u00e9 des faits. En tout cas, on esp\u00e8re que les enqu\u00eates en cours permettront d\u2019en savoir davantage sur ces accusations. \u00a0\u00a0S\u2019il est av\u00e9r\u00e9 que le patron de la FIBA qui fut ministre des Sports du Mali, pr\u00e9sident de la F\u00e9d\u00e9ration malienne de basket en 1999, puis pr\u00e9sident de la FIBA Afrique avant d\u2019\u00eatre \u00e9lu pr\u00e9sident de la FIBA en 2019, \u00e9tait au courant de ce qui se d\u00e9roulait dans les vestiaires, que la rigueur de la loi lui soit oppos\u00e9e. Quant \u00e0 la F\u00e9d\u00e9ration malienne de basket-ball, elle devra faire son introspection et prendre, elle aussi, les mesures n\u00e9cessaires pour \u00e9viter que ce scandale pr\u00e9sum\u00e9 ne se reproduise.<\/em><\/p>\n<p class=\"c4\"><em>\u00a0<\/em><\/p>\n<p class=\"c6\"><em><strong>ST<\/strong><\/em><\/p>\n<p class=\"c4\"><em>\u00a0<\/em><\/p>\n<p class=\"c4\"><em>\u00a0<\/em><\/p>\n<p>Auteur: Editions LEPAYS<br \/>\n<a href=\"https:\/\/lepays.bf\/scandale-sexuel-au-sein-de-la-federation-malienne-de-basket-ball\/\">Cliquez ici pour lire l&rsquo;article depuis sa source.<\/a><\/p>\n","protected":false},"excerpt":{"rendered":"<p>Le pr\u00e9sident de la F\u00e9d\u00e9ration internationale de basket\u00a0 (FIBA), le Malien Hamane Niang, s\u2019est retir\u00e9 \u00ab au moins temporairement \u00bb de son poste, le 13 juin 2021, suite \u00e0 la publication d\u2019une enqu\u00eate du New York Times le visant pour avoir \u00ab ignor\u00e9 \u00bb des comportements de harc\u00e8lement sexuel durant 12 ans. Selon les informations [&hellip;]<\/p>\n","protected":false},"author":1813,"featured_media":0,"comment_status":"closed","ping_status":"closed","sticky":false,"template":"","format":"standard","meta":{"fifu_image_url":"","fifu_image_alt":"","footnotes":""},"categories":[73,81],"tags":[],"class_list":["post-118594","post","type-post","status-publish","format-standard","hentry","category-actualite","category-burkina-faso"],"_links":{"self":[{"href":"https:\/\/linitiative.ca\/International\/wp-json\/wp\/v2\/posts\/118594","targetHints":{"allow":["GET"]}}],"collection":[{"href":"https:\/\/linitiative.ca\/International\/wp-json\/wp\/v2\/posts"}],"about":[{"href":"https:\/\/linitiative.ca\/International\/wp-json\/wp\/v2\/types\/post"}],"author":[{"embeddable":true,"href":"https:\/\/linitiative.ca\/International\/wp-json\/wp\/v2\/users\/1813"}],"replies":[{"embeddable":true,"href":"https:\/\/linitiative.ca\/International\/wp-json\/wp\/v2\/comments?post=118594"}],"version-history":[{"count":0,"href":"https:\/\/linitiative.ca\/International\/wp-json\/wp\/v2\/posts\/118594\/revisions"}],"wp:attachment":[{"href":"https:\/\/linitiative.ca\/International\/wp-json\/wp\/v2\/media?parent=118594"}],"wp:term":[{"taxonomy":"category","embeddable":true,"href":"https:\/\/linitiative.ca\/International\/wp-json\/wp\/v2\/categories?post=118594"},{"taxonomy":"post_tag","embeddable":true,"href":"https:\/\/linitiative.ca\/International\/wp-json\/wp\/v2\/tags?post=118594"}],"curies":[{"name":"wp","href":"https:\/\/api.w.org\/{rel}","templated":true}]}}