{"id":118595,"date":"2021-06-14T16:35:15","date_gmt":"2021-06-14T20:35:15","guid":{"rendered":"https:\/\/linitiative.ca\/International\/lutte-contre-le-terrorisme-legypte-veut-mettre-son-experience-au-service-du-burkina\/"},"modified":"2021-06-14T16:35:15","modified_gmt":"2021-06-14T20:35:15","slug":"lutte-contre-le-terrorisme-legypte-veut-mettre-son-experience-au-service-du-burkina","status":"publish","type":"post","link":"https:\/\/linitiative.ca\/International\/lutte-contre-le-terrorisme-legypte-veut-mettre-son-experience-au-service-du-burkina\/","title":{"rendered":"Lutte contre le terrorisme : L\u2019Egypte veut mettre son exp\u00e9rience au service du Burkina"},"content":{"rendered":"<div class=\"td-post-featured-image\">\n<figure><a href=\"https:\/\/www.sidwaya.info\/wp-content\/uploads\/2021\/06\/choguel.jpg\" data-caption=\"Le chef de d\u00e9l\u00e9gation du CICR, Laurent Saugy (gauche): \u00ab La protection des populations a \u00e9t\u00e9 v\u00e9ritablement un point de convergence lors des discussions avec le Premier ministre \u00bb.\"><img loading=\"lazy\" decoding=\"async\" width=\"696\" height=\"455\" class=\"entry-thumb td-modal-image\" src=\"https:\/\/www.sidwaya.info\/wp-content\/uploads\/2021\/06\/choguel-696x455.jpg\" srcset=\"https:\/\/www.sidwaya.info\/wp-content\/uploads\/2021\/06\/choguel-696x455.jpg 696w, https:\/\/www.sidwaya.info\/wp-content\/uploads\/2021\/06\/choguel-300x196.jpg 300w, https:\/\/www.sidwaya.info\/wp-content\/uploads\/2021\/06\/choguel-150x98.jpg 150w, https:\/\/www.sidwaya.info\/wp-content\/uploads\/2021\/06\/choguel-642x420.jpg 642w, https:\/\/www.sidwaya.info\/wp-content\/uploads\/2021\/06\/choguel.jpg 735w\" sizes=\"auto, (max-width: 696px) 100vw, 696px\" alt=\"\" title=\"choguel\"\/><\/a><figcaption class=\"wp-caption-text\">Le chef de d\u00e9l\u00e9gation du CICR, Laurent Saugy (gauche): \u00ab La protection des populations a \u00e9t\u00e9 v\u00e9ritablement un point de convergence lors des discussions avec le Premier ministre \u00bb.<\/figcaption><\/figure>\n<\/div>\n<p><strong>Le Premier ministre, Christophe Joseph Marie Dabir\u00e9, a re\u00e7u le lundi 14 juin 2021 \u00e0 Ouagadougou, l\u2019ambassadeur de la R\u00e9publique arabe d\u2019Egypte au Burkina Faso, Ibrahim Azim Elkhouli et le chef de d\u00e9l\u00e9gation du Comit\u00e9 international de la Croix-Rouge, Laurent Saugy.<\/strong><\/p>\n<p>La R\u00e9publique arabe d\u2019Egypte est dispos\u00e9e \u00e0 soutenir le Burkina Faso dans la lutte contre le terrorisme. Le sujet a \u00e9t\u00e9 d\u00e9battu en audience, le lundi 14 juin 2021 \u00e0 Ouagadougou entre l\u2019ambassadeur de la R\u00e9publique arabe d\u2019Egypte au Burkina Faso, Ibrahim Azim Elkhouli et le Premier ministre, Christophe Joseph Marie Dabir\u00e9. C\u2019est ce qu\u2019a indiqu\u00e9 le diplomate \u00e9gyptien \u00e0 l\u2019issue de la rencontre. \u00ab Nous avons pr\u00e9sent\u00e9 notre exp\u00e9rience qui sera mise au service du peuple notamment dans le domaine s\u00e9curitaire \u00bb, a indiqu\u00e9 l\u2019ambassadeur. De son avis la question s\u00e9curitaire sera en discussion entre les minist\u00e8res techniques des deux pays.<\/p>\n<p>\u00ab Plusieurs pistes sont en examen et d\u2019autres propositions seront profond\u00e9ment \u00e9tudi\u00e9es par les deux parties afin de r\u00e9aliser une coop\u00e9ration exemplaire Sud-Sud dans la lutte contre le terroris-me \u00bb, a-t-il relev\u00e9, tout en insistant que les probl\u00e8mes africains doivent avoir des solutions africaines. A propos de l\u2019attaque meurtri\u00e8re de Solhan, M. Elkhouli a dit avoir pr\u00e9sent\u00e9, au nom de son pays, ses sinc\u00e8res condol\u00e9ances au chef du gouvernement \u00e0 la suite des<br \/>\u00ab actes inhumains terroristes\u00bb.<\/p>\n<p>Outre la revue de la coop\u00e9ration bilat\u00e9rale entre l\u2019Egypte et le Burkina Faso, les questions internationales \u00e9taient au menu des \u00e9changes. \u00ab J\u2019ai aussi expliqu\u00e9 au Premier ministre l\u2019\u00e9tat actuel de la crise du barrage de la renaissance en Ethiopie et les d\u00e9marches de l\u2019Egypte de saisir le Conseil de s\u00e9curit\u00e9 de l\u2019ONU, le dimanche 13 juin 2021 \u00bb, a-t-il soutenu.<\/p>\n<p>A la suite de l\u2019ambassadeur de l\u2019Egypte, le chef du gouvernement burkinab\u00e8 a re\u00e7u le Comit\u00e9 international de la Croix-Rouge (CICR).<br \/>Le chef de d\u00e9l\u00e9gation, Laurent Saugy, a confi\u00e9 que la rencontre a permis de faire au gouvernement, le point sur le r\u00f4le \u00ab exclusivement humanitaire \u00bb que le CICR joue au Burkina Faso.<\/p>\n<p>\u00ab C\u2019est une occasion pour nous, une dizaine de jours apr\u00e8s la trag\u00e9die de Solhan, de voir dans quelle mesure le CICR peut subvenir aux besoins les plus urgents dans le domaine des soins de sant\u00e9 d\u2019urgence et m\u00e9dicaux \u00bb, a-t-il signifi\u00e9. Cette rencontre a \u00e9t\u00e9 \u00e9galement l\u2019occasion de faire le point sur le Mouvement international de la Croix-Rouge et du Croissant rouge. Le CICR est au Burkina de mani\u00e8re continue depuis 15 ans.<\/p>\n<p>Pour cette pr\u00e9sence au pays des Hommes int\u00e8gres, M. Saugy a dress\u00e9 un bilan plut\u00f4t positif. \u00ab Modestement, le CICR ainsi que le Mouvement international de la Croix et du Croissant rouge travaillent ces derni\u00e8res ann\u00e9es \u00e0 renforcer leur contribution \u00e0 l\u2019am\u00e9lioration de la situation humanitaire. Le r\u00f4le du CICR est de s\u2019assurer du respect du droit international humanitaire \u00bb, a soutenu le chef de la d\u00e9l\u00e9gation.<\/p>\n<p class=\"c1\"><strong>Abdoulaye BALBONE<\/strong><\/p>\n<div class=\"td-a-rec td-a-rec-id-content_bottom tdi_33_c56 td_block_template_1\">\n<p><img loading=\"lazy\" decoding=\"async\" class=\"aligncenter size-full wp-image-27454\" src=\"https:\/\/www.sidwaya.info\/wp-content\/uploads\/2020\/10\/PUB-Bandeau-paiement-mobile-siteweb.jpg\" alt=\"\" width=\"728\" height=\"90\"\/><\/div>\n<p>Auteur: JK. Sidwaya<br \/>\n<a href=\"https:\/\/www.sidwaya.info\/blog\/2021\/06\/14\/lutte-contre-le-terrorisme-legypte-veut-mettre-son-experience-au-service-du-burkina\/\">Cliquez ici pour lire l&rsquo;article depuis sa source.<\/a><\/p>\n","protected":false},"excerpt":{"rendered":"<p>Le chef de d\u00e9l\u00e9gation du CICR, Laurent Saugy (gauche): \u00ab La protection des populations a \u00e9t\u00e9 v\u00e9ritablement un point de convergence lors des discussions avec le Premier ministre \u00bb. Le Premier ministre, Christophe Joseph Marie Dabir\u00e9, a re\u00e7u le lundi 14 juin 2021 \u00e0 Ouagadougou, l\u2019ambassadeur de la R\u00e9publique arabe d\u2019Egypte au Burkina Faso, Ibrahim [&hellip;]<\/p>\n","protected":false},"author":1816,"featured_media":0,"comment_status":"closed","ping_status":"closed","sticky":false,"template":"","format":"standard","meta":{"fifu_image_url":"https:\/\/www.sidwaya.info\/wp-content\/uploads\/2021\/06\/choguel-696x455.jpg","fifu_image_alt":"Lutte contre le terrorisme : L\u2019Egypte veut mettre son exp\u00e9rience au service du Burkina","footnotes":""},"categories":[73,81],"tags":[],"class_list":["post-118595","post","type-post","status-publish","format-standard","hentry","category-actualite","category-burkina-faso"],"_links":{"self":[{"href":"https:\/\/linitiative.ca\/International\/wp-json\/wp\/v2\/posts\/118595","targetHints":{"allow":["GET"]}}],"collection":[{"href":"https:\/\/linitiative.ca\/International\/wp-json\/wp\/v2\/posts"}],"about":[{"href":"https:\/\/linitiative.ca\/International\/wp-json\/wp\/v2\/types\/post"}],"author":[{"embeddable":true,"href":"https:\/\/linitiative.ca\/International\/wp-json\/wp\/v2\/users\/1816"}],"replies":[{"embeddable":true,"href":"https:\/\/linitiative.ca\/International\/wp-json\/wp\/v2\/comments?post=118595"}],"version-history":[{"count":0,"href":"https:\/\/linitiative.ca\/International\/wp-json\/wp\/v2\/posts\/118595\/revisions"}],"wp:attachment":[{"href":"https:\/\/linitiative.ca\/International\/wp-json\/wp\/v2\/media?parent=118595"}],"wp:term":[{"taxonomy":"category","embeddable":true,"href":"https:\/\/linitiative.ca\/International\/wp-json\/wp\/v2\/categories?post=118595"},{"taxonomy":"post_tag","embeddable":true,"href":"https:\/\/linitiative.ca\/International\/wp-json\/wp\/v2\/tags?post=118595"}],"curies":[{"name":"wp","href":"https:\/\/api.w.org\/{rel}","templated":true}]}}