{"id":118596,"date":"2021-06-14T16:40:53","date_gmt":"2021-06-14T20:40:53","guid":{"rendered":"https:\/\/linitiative.ca\/International\/le-chainon-manquant-du-chantier-choguel-maiga\/"},"modified":"2021-06-14T16:40:53","modified_gmt":"2021-06-14T20:40:53","slug":"le-chainon-manquant-du-chantier-choguel-maiga","status":"publish","type":"post","link":"https:\/\/linitiative.ca\/International\/le-chainon-manquant-du-chantier-choguel-maiga\/","title":{"rendered":"Le chainon manquant du chantier Choguel Ma\u00efga"},"content":{"rendered":"<div class=\"td-post-featured-image\"><a href=\"https:\/\/www.sidwaya.info\/wp-content\/uploads\/2021\/05\/Trait-de-plume.jpg\" data-caption=\"\"><img loading=\"lazy\" decoding=\"async\" width=\"696\" height=\"465\" class=\"entry-thumb td-modal-image\" src=\"https:\/\/www.sidwaya.info\/wp-content\/uploads\/2021\/05\/Trait-de-plume-696x465.jpg\" srcset=\"https:\/\/www.sidwaya.info\/wp-content\/uploads\/2021\/05\/Trait-de-plume-696x465.jpg 696w, https:\/\/www.sidwaya.info\/wp-content\/uploads\/2021\/05\/Trait-de-plume-300x200.jpg 300w, https:\/\/www.sidwaya.info\/wp-content\/uploads\/2021\/05\/Trait-de-plume-150x100.jpg 150w, https:\/\/www.sidwaya.info\/wp-content\/uploads\/2021\/05\/Trait-de-plume-629x420.jpg 629w, https:\/\/www.sidwaya.info\/wp-content\/uploads\/2021\/05\/Trait-de-plume.jpg 738w\" sizes=\"auto, (max-width: 696px) 100vw, 696px\" alt=\"\" title=\"Trait de plume\"\/><\/a><\/div>\n<p>Le nouveau gouvernement de la Transition malienne s\u2019est r\u00e9uni en sa premi\u00e8re s\u00e9ance de travail, le dimanche 13 juin 2021. Au cours de cette r\u00e9union, le Premier ministre, Choguel Ma\u00efga, a d\u00e9clin\u00e9 les grandes priorit\u00e9s du gouvernement \u00e0 huit mois de la fin de la Transition. Il a m\u00eame annonc\u00e9 les couleurs en parlant d\u2019une gouvernance de rupture.<br \/>\u00ab L\u2019action gouvernementale portera sur la fin de l\u2019impunit\u00e9 dans notre pays et la mise en pratique d\u2019une gouvernance de rupture, qui sont aujourd\u2019hui des conditions de survie de l\u2019\u00c9tat \u00bb, a-t-il d\u00e9clar\u00e9.<\/p>\n<p>Dans le vaste chantier des actions, figurent l\u2019organisation d\u2019assises nationales de la refondation, des r\u00e9formes institutionnelles, la r\u00e9vision de la Charte des partis politiques et de la loi \u00e9lectorale, la r\u00e9vision de la Constitution par r\u00e9f\u00e9rendum et de l\u2019Accord de paix d\u2019Alger de 2015. A cela, il faut ajouter l\u2019organisation des \u00e9lections pr\u00e9sidentielle et l\u00e9gislatives. Le chef du gouvernement a \u00e9galement promis des poursuites judiciaires contre les responsables de la r\u00e9pression des manifestations de juillet 2020. Un chantier ambitieux qu\u2019il faudra r\u00e9aliser en huit mois.<\/p>\n<p>A moins d\u2019une omission, la s\u00e9curit\u00e9 n\u2019a pas \u00e9t\u00e9 mentionn\u00e9e comme priorit\u00e9 au menu de l\u2019action gouvernementale. L\u2019on s\u2019attendait \u00e0 ce que le Premier ministre s\u2019\u00e9panche sur les diff\u00e9rentes solutions envisag\u00e9es pour relever le d\u00e9fi s\u00e9curitaire au Mali. Il est connu de tous que si le pays de Modibo Ke\u00efta se trouve aujourd\u2019hui dans cette instabilit\u00e9 institutionnelle, cela est en grande partie imputable \u00e0 la d\u00e9gradation de la situation s\u00e9curitaire dans les parties Nord et Centre du pays. Aux successives agressions des mouvements rebelles du Nord, s\u2019est greff\u00e9e la pr\u00e9sence nocive des groupes terroristes et autres trafiquants de tous bords. L\u2019absence de l\u2019Etat dans ces r\u00e9gions du pays a laiss\u00e9 la place \u00e0 l\u2019expression de toutes sortes d\u2019app\u00e9tits pr\u00e9dateurs. C\u2019est dans cette situation de quasi chaos que le Mali s\u2019est retrouv\u00e9 dans une instabilit\u00e9 chronique depuis 2012.<\/p>\n<p>Les autorit\u00e9s maliennes actuelles savent mieux que quiconque que ce n\u2019est pas la tenue d\u2019\u00e9lections qui viendra r\u00e9soudre \u00e0 coup de b\u00e2ton magique l\u2019impasse institutionnelle dans laquelle vit le pays. C\u2019est \u00e0 l\u2019aune des solutions qui seront formul\u00e9es pour r\u00e9soudre les probl\u00e8mes d\u2019ins\u00e9curit\u00e9 que le pays pourra v\u00e9ritablement se remettre sur les rails et se tourner r\u00e9solument vers les d\u00e9fis du d\u00e9veloppement. Autant il est essentiel de sauvegarder les institutions \u00e9tatiques, autant il est primordial de reconqu\u00e9rir l\u2019int\u00e9grit\u00e9 physique du territoire et la qui\u00e9tude des populations.<\/p>\n<p>Tant que certains Maliens auront le sentiment d\u2019\u00eatre des otages de groupes terroristes dans leur propre pays, l\u2019on aura beau organiser des scrutins pour contenter la classe politique et les partenaires, le probl\u00e8me demeura.<br \/>A moins que les autorit\u00e9s aient opt\u00e9 pour une strat\u00e9gie de la discr\u00e9tion afin de mieux faire face \u00e0 l\u2019ins\u00e9curit\u00e9 en toute efficacit\u00e9. La Transition actuelle a une grande responsabilit\u00e9 de marquer l\u2019histoire contemporaine du Mali. Et la meilleure fa\u00e7on de s\u2019inscrire dans la m\u00e9moire collective, c\u2019est donner l\u2019exemple face au p\u00e9ril s\u00e9curitaire qui guette m\u00eame la survie de l\u2019Etat.<\/p>\n<p class=\"c1\"><strong>Karim BADOLO<\/strong><\/p>\n<div class=\"td-a-rec td-a-rec-id-content_bottom tdi_33_0fc td_block_template_1\">\n<p><img loading=\"lazy\" decoding=\"async\" class=\"aligncenter size-full wp-image-27454\" src=\"https:\/\/www.sidwaya.info\/wp-content\/uploads\/2020\/10\/PUB-Bandeau-paiement-mobile-siteweb.jpg\" alt=\"\" width=\"728\" height=\"90\"\/><\/div>\n<p>Auteur: JK. Sidwaya<br \/>\n<a href=\"https:\/\/www.sidwaya.info\/blog\/2021\/06\/14\/le-chainon-manquant-du-chantier-choguel-maiga\/\">Cliquez ici pour lire l&rsquo;article depuis sa source.<\/a><\/p>\n","protected":false},"excerpt":{"rendered":"<p>Le nouveau gouvernement de la Transition malienne s\u2019est r\u00e9uni en sa premi\u00e8re s\u00e9ance de travail, le dimanche 13 juin 2021. Au cours de cette r\u00e9union, le Premier ministre, Choguel Ma\u00efga, a d\u00e9clin\u00e9 les grandes priorit\u00e9s du gouvernement \u00e0 huit mois de la fin de la Transition. Il a m\u00eame annonc\u00e9 les couleurs en parlant d\u2019une [&hellip;]<\/p>\n","protected":false},"author":1816,"featured_media":0,"comment_status":"closed","ping_status":"closed","sticky":false,"template":"","format":"standard","meta":{"fifu_image_url":"https:\/\/www.sidwaya.info\/wp-content\/uploads\/2021\/05\/Trait-de-plume-696x465.jpg","fifu_image_alt":"Le chainon manquant du chantier Choguel Ma\u00efga","footnotes":""},"categories":[73,81],"tags":[],"class_list":["post-118596","post","type-post","status-publish","format-standard","hentry","category-actualite","category-burkina-faso"],"_links":{"self":[{"href":"https:\/\/linitiative.ca\/International\/wp-json\/wp\/v2\/posts\/118596","targetHints":{"allow":["GET"]}}],"collection":[{"href":"https:\/\/linitiative.ca\/International\/wp-json\/wp\/v2\/posts"}],"about":[{"href":"https:\/\/linitiative.ca\/International\/wp-json\/wp\/v2\/types\/post"}],"author":[{"embeddable":true,"href":"https:\/\/linitiative.ca\/International\/wp-json\/wp\/v2\/users\/1816"}],"replies":[{"embeddable":true,"href":"https:\/\/linitiative.ca\/International\/wp-json\/wp\/v2\/comments?post=118596"}],"version-history":[{"count":0,"href":"https:\/\/linitiative.ca\/International\/wp-json\/wp\/v2\/posts\/118596\/revisions"}],"wp:attachment":[{"href":"https:\/\/linitiative.ca\/International\/wp-json\/wp\/v2\/media?parent=118596"}],"wp:term":[{"taxonomy":"category","embeddable":true,"href":"https:\/\/linitiative.ca\/International\/wp-json\/wp\/v2\/categories?post=118596"},{"taxonomy":"post_tag","embeddable":true,"href":"https:\/\/linitiative.ca\/International\/wp-json\/wp\/v2\/tags?post=118596"}],"curies":[{"name":"wp","href":"https:\/\/api.w.org\/{rel}","templated":true}]}}