{"id":11860,"date":"2019-02-06T15:14:17","date_gmt":"2019-02-06T20:14:17","guid":{"rendered":"https:\/\/linitiative.ca\/International\/pros-al-gharafa-qatar-presente-sa-nouvelle-recrue-ilias-hassani\/"},"modified":"2019-02-06T15:14:17","modified_gmt":"2019-02-06T20:14:17","slug":"pros-al-gharafa-qatar-presente-sa-nouvelle-recrue-ilias-hassani","status":"publish","type":"post","link":"https:\/\/linitiative.ca\/International\/pros-al-gharafa-qatar-presente-sa-nouvelle-recrue-ilias-hassani\/","title":{"rendered":"Pros : Al-Gharafa (Qatar) pr\u00e9sente sa nouvelle recrue Ilias Hassani"},"content":{"rendered":"<div readability=\"32\">\n<p>Auteur : <span class=\"time\">mercredi 06 f\u00e9vrier 2019 13:54<\/span><\/p>\n<\/div>\n<div id=\"post_core\" readability=\"39\">\n<p>Lors de sa pr\u00e9sentation ce mardi, Hassani s&rsquo;est dit heureux de tenter cette nouvelle exp\u00e9rience au Qatar et veut apporter un plus \u00e0 ce club qui poss\u00e8de en son sein plusieurs stars dont le n\u00e9erlandais Wesley Sneijder. Le d\u00e9fenseur alg\u00e9rien a \u00e9galement f\u00e9licit\u00e9 le Qatar qui a r\u00e9cemment remport\u00e9 la Coupe d&rsquo;Asie.<\/p>\n<p>Il a \u00e9galement \u00e9t\u00e9 r\u00e9v\u00e9l\u00e9 lors de cette pr\u00e9sentation que Hassani portera le num\u00e9ro 12 avec Al-Gharafa.<\/p>\n<p><strong>Publi\u00e9 dans :<\/strong> <span>Hassani<\/span><\/p>\n<\/div>\n","protected":false},"excerpt":{"rendered":"<p>Auteur : mercredi 06 f\u00e9vrier 2019 13:54 Lors de sa pr\u00e9sentation ce mardi, Hassani s&rsquo;est dit heureux de tenter cette nouvelle exp\u00e9rience au Qatar et veut apporter un plus \u00e0 ce club qui poss\u00e8de en son sein plusieurs stars dont le n\u00e9erlandais Wesley Sneijder. Le d\u00e9fenseur alg\u00e9rien a \u00e9galement f\u00e9licit\u00e9 le Qatar qui a r\u00e9cemment [&hellip;]<\/p>\n","protected":false},"author":1738,"featured_media":11861,"comment_status":"closed","ping_status":"closed","sticky":false,"template":"","format":"standard","meta":{"fifu_image_url":"","fifu_image_alt":"","footnotes":""},"categories":[53,75],"tags":[],"class_list":["post-11860","post","type-post","status-publish","format-standard","has-post-thumbnail","hentry","category-algerie","category-sport"],"_links":{"self":[{"href":"https:\/\/linitiative.ca\/International\/wp-json\/wp\/v2\/posts\/11860","targetHints":{"allow":["GET"]}}],"collection":[{"href":"https:\/\/linitiative.ca\/International\/wp-json\/wp\/v2\/posts"}],"about":[{"href":"https:\/\/linitiative.ca\/International\/wp-json\/wp\/v2\/types\/post"}],"author":[{"embeddable":true,"href":"https:\/\/linitiative.ca\/International\/wp-json\/wp\/v2\/users\/1738"}],"replies":[{"embeddable":true,"href":"https:\/\/linitiative.ca\/International\/wp-json\/wp\/v2\/comments?post=11860"}],"version-history":[{"count":0,"href":"https:\/\/linitiative.ca\/International\/wp-json\/wp\/v2\/posts\/11860\/revisions"}],"wp:featuredmedia":[{"embeddable":true,"href":"https:\/\/linitiative.ca\/International\/wp-json\/"}],"wp:attachment":[{"href":"https:\/\/linitiative.ca\/International\/wp-json\/wp\/v2\/media?parent=11860"}],"wp:term":[{"taxonomy":"category","embeddable":true,"href":"https:\/\/linitiative.ca\/International\/wp-json\/wp\/v2\/categories?post=11860"},{"taxonomy":"post_tag","embeddable":true,"href":"https:\/\/linitiative.ca\/International\/wp-json\/wp\/v2\/tags?post=11860"}],"curies":[{"name":"wp","href":"https:\/\/api.w.org\/{rel}","templated":true}]}}