{"id":118601,"date":"2021-06-14T13:13:09","date_gmt":"2021-06-14T17:13:09","guid":{"rendered":"https:\/\/linitiative.ca\/International\/manifestation-de-la-bas-lambassadeur-de-belgique-convoque-au-minrex-pour-sexpliquer\/"},"modified":"2021-06-14T13:13:09","modified_gmt":"2021-06-14T17:13:09","slug":"manifestation-de-la-bas-lambassadeur-de-belgique-convoque-au-minrex-pour-sexpliquer","status":"publish","type":"post","link":"https:\/\/linitiative.ca\/International\/manifestation-de-la-bas-lambassadeur-de-belgique-convoque-au-minrex-pour-sexpliquer\/","title":{"rendered":"Manifestation de la BAS : l\u2019Ambassadeur de Belgique convoqu\u00e9 au Minrex pour s\u2019expliquer"},"content":{"rendered":"<div readability=\"32\">\n<p>Publi\u00e9 le 14.06.2021 \u00e0 18h13 par Emile Zola Nd\u00e9 Tchoussi<\/p>\n<\/div>\n<div readability=\"80\">\n<p class=\"c9\"><strong>Suite au mouvement d\u2019humeur constat\u00e9 ce lundi 14 juin 2021 au si\u00e8ge de\u00a0la mission diplomatique camerounaise \u00e0 Bruxelles, des personnes r\u00e9clamant la lib\u00e9ration \u00a0du jeune\u00a0Cl\u00e9ment Bonda, r\u00e9cemment interpell\u00e9 et \u00e9crou\u00e9 \u00e0 la prison de Mbanga apr\u00e8s avoir tenu des propos injurieux \u00e0 l\u2019\u00e9gard du Pr\u00e9sident Paul Biya et de ses ministres, le patron des Relations ext\u00e9rieures,\u00a0 Lejeune Mbella Mbella a fait appel\u00a0 au diplomate Belge, SE. Eric Jacquemin.<\/strong><\/p>\n<p class=\"c9\"><strong>\u00a0<\/strong><\/p>\n<p class=\"c9\"><strong>Eric Jacquemin<\/strong> vient d\u2019\u00eatre convoqu\u00e9 au minist\u00e8re camerounais des Relations ext\u00e9rieures, \u00a0quelques heures apr\u00e8s le mouvement d\u2019humeur tenu ce lundi devant l\u2019Ambassade du Cameroun \u00e0 Bruxelles. \u00a0La fameuse Brigade Anti-Sardinards (Bas) a refait surface en s\u2019introduisant \u00a0dans les services de l\u2019ambassade du Cameroun situ\u00e9e \u00e0 l\u2019Avenue Brugmann \u00e0 Bruxelles.<\/p>\n<p class=\"c9\">Selon plusieurs sources, l\u2019\u00e9quipe de combattants, accompagn\u00e9e par des figures embl\u00e9matiques de cette r\u00e9sistance tels, Olivier Tchanang et Ga\u00e9tan et bien d\u2019autres, ne sont pas all\u00e9s par quatre chemins, pour exiger aux Camerounais pr\u00e9sents dans l\u2019ambassade, d\u2019\u00e9vacuer les lieux, afin qu\u2019ils confrontent les responsables des lieux \u00ab\u00a0<em>aux tortures que subissent toute la jeunesse opprim\u00e9e et s\u00e9questr\u00e9e de notre pays, qui n\u2019a plus le\u00a0 droit\u00a0 de s\u2019indigner, de crier sa col\u00e8re face \u00e0 la mis\u00e8re croissante qui la d\u00e9truit consid\u00e9rablement<\/em>\u00a0\u00bb, a-t-on entendu dire.<\/p>\n<p class=\"c9\">Drapeau du Cameroun en main,\u00a0 ils demandent de lib\u00e9rer les trois Camerounais arr\u00eat\u00e9s \u00e0 Njomb\u00e9 Penja \u00e0 la suite d\u2019une vid\u00e9o dans laquelle il prof\u00e9rait des injures au chef de l\u2019\u00c9tat, d\u00e9non\u00e7ant le scandale du Covidgate. Les manifestants exigent que l\u2019Ambassadeur intervienne au Cameroun pour la relaxe des trois jeunes. Les forces de s\u00e9curit\u00e9 sont intervenues pour s\u00e9curiser les lieux.<\/p>\n<p class=\"c9\">Au pays, plusieurs voix se sont fait entendre pour exiger la lib\u00e9ration de ces jeunes. A l\u2019instar de celle de l\u2019honorable Benilde Djeumeni, d\u00e9put\u00e9 SDF de la circonscription du Moungo Sud, qui estime que la d\u00e9tention de Cl\u00e9ment Bonda,\u00a0Andr\u00e9 Boris Wameni et Flavy Kamou\u00a0est\u00a0 arbitraire.<\/p>\n<p class=\"c9\">Jug\u00e9 ce lundi 14 juin au\u00a0Tribunal de premi\u00e8re instance de Mbanga, la premi\u00e8re comparution\u00a0des trois jeunes hommes a \u00e9t\u00e9 renvoy\u00e9e en d\u00e9lib\u00e9r\u00e9e au 17 juin 2021.<\/p>\n<\/div>\n<p>Auteur: Christian DJIMADEU<br \/>\n<a href=\"https:\/\/www.journalducameroun.com\/manifestation-de-la-bas-lambassadeur-de-belgique-convoque-au-minrex-pour-sexpliquer-cameroun\/\">Cliquez ici pour lire l&rsquo;article depuis sa source.<\/a><\/p>\n","protected":false},"excerpt":{"rendered":"<p>Publi\u00e9 le 14.06.2021 \u00e0 18h13 par Emile Zola Nd\u00e9 Tchoussi Suite au mouvement d\u2019humeur constat\u00e9 ce lundi 14 juin 2021 au si\u00e8ge de\u00a0la mission diplomatique camerounaise \u00e0 Bruxelles, des personnes r\u00e9clamant la lib\u00e9ration \u00a0du jeune\u00a0Cl\u00e9ment Bonda, r\u00e9cemment interpell\u00e9 et \u00e9crou\u00e9 \u00e0 la prison de Mbanga apr\u00e8s avoir tenu des propos injurieux \u00e0 l\u2019\u00e9gard du Pr\u00e9sident [&hellip;]<\/p>\n","protected":false},"author":1965,"featured_media":0,"comment_status":"closed","ping_status":"closed","sticky":false,"template":"","format":"standard","meta":{"fifu_image_url":"","fifu_image_alt":"","footnotes":""},"categories":[73,82],"tags":[],"class_list":["post-118601","post","type-post","status-publish","format-standard","hentry","category-actualite","category-cameroun"],"_links":{"self":[{"href":"https:\/\/linitiative.ca\/International\/wp-json\/wp\/v2\/posts\/118601","targetHints":{"allow":["GET"]}}],"collection":[{"href":"https:\/\/linitiative.ca\/International\/wp-json\/wp\/v2\/posts"}],"about":[{"href":"https:\/\/linitiative.ca\/International\/wp-json\/wp\/v2\/types\/post"}],"author":[{"embeddable":true,"href":"https:\/\/linitiative.ca\/International\/wp-json\/wp\/v2\/users\/1965"}],"replies":[{"embeddable":true,"href":"https:\/\/linitiative.ca\/International\/wp-json\/wp\/v2\/comments?post=118601"}],"version-history":[{"count":0,"href":"https:\/\/linitiative.ca\/International\/wp-json\/wp\/v2\/posts\/118601\/revisions"}],"wp:attachment":[{"href":"https:\/\/linitiative.ca\/International\/wp-json\/wp\/v2\/media?parent=118601"}],"wp:term":[{"taxonomy":"category","embeddable":true,"href":"https:\/\/linitiative.ca\/International\/wp-json\/wp\/v2\/categories?post=118601"},{"taxonomy":"post_tag","embeddable":true,"href":"https:\/\/linitiative.ca\/International\/wp-json\/wp\/v2\/tags?post=118601"}],"curies":[{"name":"wp","href":"https:\/\/api.w.org\/{rel}","templated":true}]}}