{"id":118602,"date":"2021-06-14T13:18:02","date_gmt":"2021-06-14T17:18:02","guid":{"rendered":"https:\/\/linitiative.ca\/International\/cote-divoire-nomination-dally-coulibaly-et-francois-amichia\/"},"modified":"2021-06-14T13:18:02","modified_gmt":"2021-06-14T17:18:02","slug":"cote-divoire-nomination-dally-coulibaly-et-francois-amichia","status":"publish","type":"post","link":"https:\/\/linitiative.ca\/International\/cote-divoire-nomination-dally-coulibaly-et-francois-amichia\/","title":{"rendered":"C\u00f4te d\u2019Ivoire : nomination d\u2019Ally Coulibaly et Fran\u00e7ois Amichia"},"content":{"rendered":"<div readability=\"32\">\n<p>Publi\u00e9 le 14.06.2021 \u00e0 18h18 par APA News<\/p>\n<\/div>\n<div readability=\"48\">\n<p>Les ex-ministres ivoiriens Ally Coulibaly et Fran\u00e7ois Albert Amichia ont \u00e9t\u00e9 nomm\u00e9s, lundi, respectivement ministre-conseiller sp\u00e9cial aupr\u00e8s du pr\u00e9sident de la R\u00e9publique et pr\u00e9sident du Comit\u00e9 d\u2019organisation de la Coupe d\u2019Afrique des Nations (CAN 2023) de football.<\/p>\n<p>L\u2019information a \u00e9t\u00e9 donn\u00e9e par le ministre-secr\u00e9taire g\u00e9n\u00e9ral de la pr\u00e9sidence de la R\u00e9publique, Abdourahmane Ciss\u00e9 dans un communiqu\u00e9 rendant compte de ces deux nominations effectu\u00e9es par le pr\u00e9sident de la R\u00e9publique Alassane Ouattara.<\/p>\n<p>Dans le gouvernement du feu premier Hamed Bakayoko, Ally Coulibaly occupait le poste de ministre des Affaires \u00e9trang\u00e8res, de l\u2019int\u00e9gration africaine et des Ivoiriens de l\u2019ext\u00e9rieur, quand le minist\u00e8re de la Ville \u00e9tait occup\u00e9 par Fran\u00e7ois Albert Amichia.<\/p>\n<\/div>\n<p>Auteur: APA News<br \/>\n<a href=\"https:\/\/www.journalducameroun.com\/cote-divoire-nomination-dally-coulibaly-et-francois-amichia\/\">Cliquez ici pour lire l&rsquo;article depuis sa source.<\/a><\/p>\n","protected":false},"excerpt":{"rendered":"<p>Publi\u00e9 le 14.06.2021 \u00e0 18h18 par APA News Les ex-ministres ivoiriens Ally Coulibaly et Fran\u00e7ois Albert Amichia ont \u00e9t\u00e9 nomm\u00e9s, lundi, respectivement ministre-conseiller sp\u00e9cial aupr\u00e8s du pr\u00e9sident de la R\u00e9publique et pr\u00e9sident du Comit\u00e9 d\u2019organisation de la Coupe d\u2019Afrique des Nations (CAN 2023) de football. L\u2019information a \u00e9t\u00e9 donn\u00e9e par le ministre-secr\u00e9taire g\u00e9n\u00e9ral de la [&hellip;]<\/p>\n","protected":false},"author":1965,"featured_media":0,"comment_status":"closed","ping_status":"closed","sticky":false,"template":"","format":"standard","meta":{"fifu_image_url":"","fifu_image_alt":"","footnotes":""},"categories":[73,82],"tags":[],"class_list":["post-118602","post","type-post","status-publish","format-standard","hentry","category-actualite","category-cameroun"],"_links":{"self":[{"href":"https:\/\/linitiative.ca\/International\/wp-json\/wp\/v2\/posts\/118602","targetHints":{"allow":["GET"]}}],"collection":[{"href":"https:\/\/linitiative.ca\/International\/wp-json\/wp\/v2\/posts"}],"about":[{"href":"https:\/\/linitiative.ca\/International\/wp-json\/wp\/v2\/types\/post"}],"author":[{"embeddable":true,"href":"https:\/\/linitiative.ca\/International\/wp-json\/wp\/v2\/users\/1965"}],"replies":[{"embeddable":true,"href":"https:\/\/linitiative.ca\/International\/wp-json\/wp\/v2\/comments?post=118602"}],"version-history":[{"count":0,"href":"https:\/\/linitiative.ca\/International\/wp-json\/wp\/v2\/posts\/118602\/revisions"}],"wp:attachment":[{"href":"https:\/\/linitiative.ca\/International\/wp-json\/wp\/v2\/media?parent=118602"}],"wp:term":[{"taxonomy":"category","embeddable":true,"href":"https:\/\/linitiative.ca\/International\/wp-json\/wp\/v2\/categories?post=118602"},{"taxonomy":"post_tag","embeddable":true,"href":"https:\/\/linitiative.ca\/International\/wp-json\/wp\/v2\/tags?post=118602"}],"curies":[{"name":"wp","href":"https:\/\/api.w.org\/{rel}","templated":true}]}}