{"id":118603,"date":"2021-06-14T13:38:38","date_gmt":"2021-06-14T17:38:38","guid":{"rendered":"https:\/\/linitiative.ca\/International\/cameroun-aboubakar-vincent-et-j-c-billong-cites-dans-un-scandale-de-match-truque-en-turquie\/"},"modified":"2021-06-14T13:38:38","modified_gmt":"2021-06-14T17:38:38","slug":"cameroun-aboubakar-vincent-et-j-c-billong-cites-dans-un-scandale-de-match-truque-en-turquie","status":"publish","type":"post","link":"https:\/\/linitiative.ca\/International\/cameroun-aboubakar-vincent-et-j-c-billong-cites-dans-un-scandale-de-match-truque-en-turquie\/","title":{"rendered":"Cameroun : Aboubakar Vincent et J.C. Billong cit\u00e9s dans un scandale de match truqu\u00e9 en Turquie"},"content":{"rendered":"<div readability=\"32\">\n<p>Publi\u00e9 le 14.06.2021 \u00e0 18h38 par Emile Zola Nd\u00e9 Tchoussi<\/p>\n<\/div>\n<div readability=\"91\">\n<h5 class=\"c9\"><strong>Selon BeIN Sports, de forts soup\u00e7ons de corruption secouent le football turc, avec au centre des accusations deux joueurs camerounais qui \u00e9voluaient en S\u00fcper Lig lors de la saison \u00e9coul\u00e9e : le d\u00e9fenseur Jean-Claude Billong (Hatayspor) et l\u2019attaquant Vincent Aboubakar (Besiktas).<\/strong><\/h5>\n<p class=\"c10\">Les d\u00e9buts de l\u2019\u00e9quipe nationale de Turquie au Championnats d\u2019Europe 2020 n\u2019ont pas \u00e9clips\u00e9 le\u00a0scandale qui secoue depuis plusieurs jours son football, et avec lui deux internationaux camerounais, le d\u00e9fenseur\u00a0<strong>Jean-Claude Billong<\/strong>, 27 ans, et l\u2019attaquant\u00a0<strong>Vincent Aboubakar<\/strong>, de deux ans son a\u00een\u00e9. Les faits incrimin\u00e9s remontent au samedi 1er mai dernier.<\/p>\n<p class=\"c10\">Ce jour-l\u00e0,<strong>\u00a0Besiktas<\/strong> r\u00e9ussit un carton in\u00e9dit cette saison face \u00e0 <strong>Hatayspor<\/strong> (7-0)\u00a0et s\u2019envole en t\u00eate du classement de la <strong>S\u00fcper Lig<\/strong>. C\u2019est pourtant \u00e0 la diff\u00e9rence de buts que les Stambouliotes remporteront le titre, le seizi\u00e8me de leur histoire, aux d\u00e9pens de leur rival local et ennemi jur\u00e9 de <strong>Galatasaray<\/strong>.<\/p>\n<p class=\"c10\"><strong>Un arrangement entre Camerounais ?<\/strong><\/p>\n<p class=\"c10\">Auteur d\u2019une\u00a0prestation catastrophique lors de cette d\u00e9culott\u00e9e\u00a0et remplac\u00e9 d\u00e8s la pause alors que son \u00e9quipe avait d\u00e9j\u00e0 encaiss\u00e9 cinq buts, le d\u00e9fenseur central d\u2019Hatayspor Jean-Claude Billong se trouve depuis dans le viseur des m\u00e9dias turcs et des supporters des clubs adverses, Galatasaray et Fenerbah\u00e7e en t\u00eate, tout comme Vincent Aboubakar, indisponible ce jour-l\u00e0 en raison d\u2019une blessure \u00e0 la cuisse.<\/p>\n<p class=\"c10\">Selon les informations publi\u00e9es, la rencontre entre Besiktas et Hatayspor aurait \u00e9t\u00e9 au c\u0153ur d\u2019un marchandage entre les deux compatriotes\u00a0: Aboubakar aurait promis d\u2019interc\u00e9der en la faveur de Billong aupr\u00e8s du staff des Lions Indomptables, en \u00e9change de largesses lors de la rencontre Besiktas-Hatayspor du 1er mai, potentiellement cruciale pour le titre.<\/p>\n<p class=\"c10\">Des r\u00e9v\u00e9lations d\u2019autant plus troublantes que, depuis,\u00a0Jean-Claude Billong a d\u00e9croch\u00e9 sa premi\u00e8re s\u00e9lection en \u00e9quipe nationale camerounaise, tandis que Vincent Aboubakar a anticip\u00e9 la fin de son contrat \u00e0 Besiktas pour poser ses valises en Arabie Saoudite, \u00e0 Al-Nasr Ryad. Il est certain que Billong, dont le contrat avec Hatayspor courait jusqu\u2019en juin 2022,\u00a0ne remettra pas les pieds en Turquie, a confi\u00e9 une source proche du joueur, objet de menaces de mort depuis une dizaine de jours.<\/p>\n<p class=\"c10\">Le\u00a0pr\u00e9sident d\u2019Hatayspor, <strong>Nihat Tazearslan<\/strong>, n\u2019a lui-m\u00eame laiss\u00e9 planer aucun doute.\u00a0\u00ab <em>Je ne veux pas qu\u2019un joueur comme celui-l\u00e0 reste dans mon \u00e9quipe. J\u2019ai d\u00e9j\u00e0 dit au directeur sportif et \u00e0 l\u2019entra\u00eeneur : \u2018Renvoyons-le !\u2019<\/em> \u00bb, a d\u00e9clar\u00e9 le dirigeant aux m\u00e9dias. Une rupture anticip\u00e9e de contrat, voire un licenciement pour faute grave, pendent au nez du natif de Mantes-la-Jolie, qui pourrait tenter de rebondir dans le Golfe persique. Une enqu\u00eate devrait \u00eatre ouverte contre lui dans les prochains jours.<\/p>\n<\/div>\n<p>Auteur: Christian DJIMADEU<br \/>\n<a href=\"https:\/\/www.journalducameroun.com\/cameroun-aboubakar-vincent-et-j-c-billong-cites-dans-un-scandale-de-match-truque-en-turquie-cameroun\/\">Cliquez ici pour lire l&rsquo;article depuis sa source.<\/a><\/p>\n","protected":false},"excerpt":{"rendered":"<p>Publi\u00e9 le 14.06.2021 \u00e0 18h38 par Emile Zola Nd\u00e9 Tchoussi Selon BeIN Sports, de forts soup\u00e7ons de corruption secouent le football turc, avec au centre des accusations deux joueurs camerounais qui \u00e9voluaient en S\u00fcper Lig lors de la saison \u00e9coul\u00e9e : le d\u00e9fenseur Jean-Claude Billong (Hatayspor) et l\u2019attaquant Vincent Aboubakar (Besiktas). Les d\u00e9buts de l\u2019\u00e9quipe [&hellip;]<\/p>\n","protected":false},"author":1965,"featured_media":0,"comment_status":"closed","ping_status":"closed","sticky":false,"template":"","format":"standard","meta":{"fifu_image_url":"","fifu_image_alt":"","footnotes":""},"categories":[73,82],"tags":[],"class_list":["post-118603","post","type-post","status-publish","format-standard","hentry","category-actualite","category-cameroun"],"_links":{"self":[{"href":"https:\/\/linitiative.ca\/International\/wp-json\/wp\/v2\/posts\/118603","targetHints":{"allow":["GET"]}}],"collection":[{"href":"https:\/\/linitiative.ca\/International\/wp-json\/wp\/v2\/posts"}],"about":[{"href":"https:\/\/linitiative.ca\/International\/wp-json\/wp\/v2\/types\/post"}],"author":[{"embeddable":true,"href":"https:\/\/linitiative.ca\/International\/wp-json\/wp\/v2\/users\/1965"}],"replies":[{"embeddable":true,"href":"https:\/\/linitiative.ca\/International\/wp-json\/wp\/v2\/comments?post=118603"}],"version-history":[{"count":0,"href":"https:\/\/linitiative.ca\/International\/wp-json\/wp\/v2\/posts\/118603\/revisions"}],"wp:attachment":[{"href":"https:\/\/linitiative.ca\/International\/wp-json\/wp\/v2\/media?parent=118603"}],"wp:term":[{"taxonomy":"category","embeddable":true,"href":"https:\/\/linitiative.ca\/International\/wp-json\/wp\/v2\/categories?post=118603"},{"taxonomy":"post_tag","embeddable":true,"href":"https:\/\/linitiative.ca\/International\/wp-json\/wp\/v2\/tags?post=118603"}],"curies":[{"name":"wp","href":"https:\/\/api.w.org\/{rel}","templated":true}]}}