{"id":118605,"date":"2021-06-14T17:18:02","date_gmt":"2021-06-14T21:18:02","guid":{"rendered":"https:\/\/linitiative.ca\/International\/can-2021-sierra-leone-benin-encore-reportee-pour-des-tests-covid\/"},"modified":"2021-06-14T17:18:02","modified_gmt":"2021-06-14T21:18:02","slug":"can-2021-sierra-leone-benin-encore-reportee-pour-des-tests-covid","status":"publish","type":"post","link":"https:\/\/linitiative.ca\/International\/can-2021-sierra-leone-benin-encore-reportee-pour-des-tests-covid\/","title":{"rendered":"Can 2021 : Sierra Leone \/ B\u00e9nin encore report\u00e9e pour des tests Covid"},"content":{"rendered":"<div readability=\"32\">\n<p>Publi\u00e9 le 14.06.2021 \u00e0 22h18 par APA News<\/p>\n<\/div>\n<div readability=\"61\">\n<p>Le match comptant pour la derni\u00e8re journ\u00e9e des \u00e9liminatoires de la Can 2021 entre la Sierra Leone et le B\u00e9nin est finalement reprogramm\u00e9 ce mardi.Alors que les contestations b\u00e9ninoises avaient \u00e9t\u00e9 \u00e0 l\u2019origine du premier report en mars en raison de l\u2019annonce de cinq tests positifs au Covid-19 chez les \u00c9cureuils par le pays-h\u00f4te, ce sont cette fois, ironie du sort, les contestations de la Sierra Leone qui sont \u00e0 l\u2019origine de ce nouveau report inattendu. Et les m\u00eames causes produisant les m\u00eames les effets, la rencontre a \u00e9t\u00e9 finalement d\u00e9cal\u00e9e au mardi 15 juin \u00e0 16h GMT.<\/p>\n<p>D\u2019apr\u00e8s les premi\u00e8res informations en provenance de Conakry (Guin\u00e9e) o\u00f9 le match a \u00e9t\u00e9 d\u00e9localis\u00e9 par la Caf, sept joueurs et deux encadreurs de la Sierra-L\u00e9onais ont \u00e9t\u00e9 test\u00e9s positifs avant le match selon l\u2019officier M\u00e9dical Covid-19 de la CAF.<\/p>\n<p>Alors que tous les joueurs avaient \u00e9t\u00e9 test\u00e9s n\u00e9gatifs avant le match, la Sierra Leone a d\u00e9clar\u00e9 que ce r\u00e9sultat fourni par l\u2019officier Covid de la Guin\u00e9e\u00a0n\u2019\u00e9tait pas fiable.<\/p>\n<p>Surpris par la tournure des \u00e9v\u00e9nements et d\u00e9non\u00e7ant une mascarade, la Sierra Leone a\u00a0tout bonnement refus\u00e9\u00a0de\u00a0jouer cette rencontre cruciale.<\/p>\n<p>Face \u00e0 cet imbroglio, de nouveaux tests PCR ont \u00e9t\u00e9 r\u00e9alis\u00e9s par la Caf sur les sept joueurs de la Leone stars\u00a0par une autre \u00e9quipe m\u00e9dicale et dans un autre laboratoire en d\u00e9but de soir\u00e9e. Mais les r\u00e9sultats des tests ne seront disponibles que mardi matin.<\/p>\n<p>Un nouveau report qui vient entacher encore cette fin des \u00e9liminatoires de la Can et qui oblige les\u00a0f\u00e9rus du foot \u00e0 patienter\u00a0pour conna\u00eetre la 24e nation qualifi\u00e9e pour la grand-messe du football africain.<\/p>\n<\/div>\n<p>Auteur: APA News<br \/>\n<a href=\"https:\/\/www.journalducameroun.com\/can-2021-sierra-leone-benin-encore-reportee-pour-des-tests-covid\/\">Cliquez ici pour lire l&rsquo;article depuis sa source.<\/a><\/p>\n","protected":false},"excerpt":{"rendered":"<p>Publi\u00e9 le 14.06.2021 \u00e0 22h18 par APA News Le match comptant pour la derni\u00e8re journ\u00e9e des \u00e9liminatoires de la Can 2021 entre la Sierra Leone et le B\u00e9nin est finalement reprogramm\u00e9 ce mardi.Alors que les contestations b\u00e9ninoises avaient \u00e9t\u00e9 \u00e0 l\u2019origine du premier report en mars en raison de l\u2019annonce de cinq tests positifs au [&hellip;]<\/p>\n","protected":false},"author":1965,"featured_media":0,"comment_status":"closed","ping_status":"closed","sticky":false,"template":"","format":"standard","meta":{"fifu_image_url":"","fifu_image_alt":"","footnotes":""},"categories":[73,82],"tags":[],"class_list":["post-118605","post","type-post","status-publish","format-standard","hentry","category-actualite","category-cameroun"],"_links":{"self":[{"href":"https:\/\/linitiative.ca\/International\/wp-json\/wp\/v2\/posts\/118605","targetHints":{"allow":["GET"]}}],"collection":[{"href":"https:\/\/linitiative.ca\/International\/wp-json\/wp\/v2\/posts"}],"about":[{"href":"https:\/\/linitiative.ca\/International\/wp-json\/wp\/v2\/types\/post"}],"author":[{"embeddable":true,"href":"https:\/\/linitiative.ca\/International\/wp-json\/wp\/v2\/users\/1965"}],"replies":[{"embeddable":true,"href":"https:\/\/linitiative.ca\/International\/wp-json\/wp\/v2\/comments?post=118605"}],"version-history":[{"count":0,"href":"https:\/\/linitiative.ca\/International\/wp-json\/wp\/v2\/posts\/118605\/revisions"}],"wp:attachment":[{"href":"https:\/\/linitiative.ca\/International\/wp-json\/wp\/v2\/media?parent=118605"}],"wp:term":[{"taxonomy":"category","embeddable":true,"href":"https:\/\/linitiative.ca\/International\/wp-json\/wp\/v2\/categories?post=118605"},{"taxonomy":"post_tag","embeddable":true,"href":"https:\/\/linitiative.ca\/International\/wp-json\/wp\/v2\/tags?post=118605"}],"curies":[{"name":"wp","href":"https:\/\/api.w.org\/{rel}","templated":true}]}}