{"id":118607,"date":"2021-06-14T11:25:35","date_gmt":"2021-06-14T15:25:35","guid":{"rendered":"https:\/\/linitiative.ca\/International\/loi-de-finances-rectificative-les-explications-du-directeur-du-budget\/"},"modified":"2021-06-14T11:25:35","modified_gmt":"2021-06-14T15:25:35","slug":"loi-de-finances-rectificative-les-explications-du-directeur-du-budget","status":"publish","type":"post","link":"https:\/\/linitiative.ca\/International\/loi-de-finances-rectificative-les-explications-du-directeur-du-budget\/","title":{"rendered":"Loi de finances rectificative : les explications du directeur du Budget"},"content":{"rendered":"<p>L\u2019actualit\u00e9 \u00e9conomique camerounaise est polaris\u00e9e depuis la semaine derni\u00e8re par cette ordonnance du Chef de l\u2019Etat, modifiant et compl\u00e9tant certaines dispositions de la loi No 2020\/018 du 17 d\u00e9cembre 2020 portant loi des finances de la R\u00e9publique du Cameroun pour l\u2019exercice 2021. Celle-ci, au gr\u00e9 des r\u00e9ajustements cons\u00e9quemment apport\u00e9s par le collectif budg\u00e9taire, a permis une augmentation du budget de l\u2019exercice 2021, lequel passe de 4.865,2 milliards de F \u00e0 5235,2 milliards de F, soit une augmentation de plus 615,2 milliards de F.<\/p>\n<p>Cette hausse r\u00e9sulte en effet de plusieurs facteurs hautement strat\u00e9giques \u00e0 l\u2019aune de l\u2019\u00e9volution du monde en pleine pand\u00e9mie de la Covid-19, afin de permettre au Cameroun de mieux stabiliser son \u00e9conomie. D\u2019apr\u00e8s le directeur g\u00e9n\u00e9ral du Budget au minist\u00e8re des Finances, Cyrill Edou Alo\u2019o, l\u2019un de ces facteurs, et le plus essentiel, est \u00ab\u00a0la\u00a0\u00a0hausse non-anticip\u00e9e des prix mondiaux des produits p\u00e9troliers, explique-t-il dans les colonnes du quotidien Cameroon Tribune. La loi des finances initiale a \u00e9t\u00e9 \u00e9labor\u00e9e sur la base d\u2019un prix moyen du baril du p\u00e9trole projet\u00e9 \u00e0 43,8 dollars am\u00e9ricains et \u00e0 ce jour, le prix moyen envisag\u00e9 est de 58,5 dollars, il faut tenir compte de cet \u00e9cart\u00a0\u00bb.<\/p>\n<p><strong>Lire aussi<\/strong> : <strong><a href=\"https:\/\/ecomatin.net\/loi-des-finances-2021-il-ny-aura-pas-de-relance-budgetaire\/\">Loi des finances 2021: Il n\u2019y aura pas de relance budg\u00e9taire<\/a><\/strong><\/p>\n<p>Le Cameroun a d\u00fb accro\u00eetre ses pr\u00e9tentions gr\u00e2ce notamment \u00e0 la hausse du prix du baril du p\u00e9trole, et croit savoir que cette bonne nouvelle va lui permettre de r\u00e9aliser de bonnes affaires, mais aussi de pouvoir anticiper sur les grands chantiers auxquels il est confront\u00e9. Le cas de la pand\u00e9mie de Coronavirus \u00e9tant in\u00e9luctable. \u00ab\u00a0Non seulement les vaccins sont disponibles, mais en plus de cela, les vagues r\u00e9p\u00e9titives de la maladie enregistr\u00e9es de par le monde, mais aussi au Cameroun, montrent que le Covid-19 pourrait encore perdurer et impacter durement les populations si rien n\u2019est fait\u00a0\u00bb, ajoute Cyrill Alo\u2019o Edou. L\u2019enveloppe allou\u00e9e pour le Fonds de solidarit\u00e9 national pour la lutte contre le Coronavirus et ses r\u00e9percussions \u00e9conomiques et sociales est ainsi revaloris\u00e9e, passant de 180 milliards de F \u00e0 200 milliards de F.<\/p>\n<p>La marge de 615,2 milliards de F ajust\u00e9e sur le budget 2021 proviendra prioritairement des recettes g\u00e9n\u00e9r\u00e9es par la vente du p\u00e9trole camerounais sur le march\u00e9 international. \u00ab\u00a0Les ressources qui soutiennent cette augmentation proviennent d\u2019une part des revenus du secteur p\u00e9trolier en raison du rel\u00e8vement du cours du baril de p\u00e9trole et de l\u2019accroissement du volume des tirages sur emprunts des organismes priv\u00e9s ext\u00e9rieurs (Eurobonds). Les nouvelles ressources seront orient\u00e9es essentiellement pour le financement de la vaccination\u00a0; le rachat d\u2019une partie de l\u2019Eurobond souscrit en 2015, le remboursement de la dette int\u00e9rieure et le soutien des prix du carburant \u00e0 la pompe\u00a0\u00bb, \u00e9taye le directeur du Budget.<\/p>\n<p><strong>Lire aussi<\/strong> : <strong><a href=\"https:\/\/ecomatin.net\/rajustement-budgetaire-incidences-du-retrait-de-la-can-2019-sur-la-loi-des-finances-2019\/\">Les incidences du retrait de la CAN sur la loi des finances 2019<\/a><\/strong><\/p>\n<p>Ce projet de texte est actuellement en examen sur la table des d\u00e9put\u00e9s, r\u00e9unis en session parlementaire depuis le 8 juin 2021.<\/p>\n<p>Auteur: Yannick KENNE<br \/>\n<a href=\"https:\/\/ecomatin.net\/loi-de-finances-rectificative-les-explicationss-du-directeur-du-budget\/\">Cliquez ici pour lire l&rsquo;article depuis sa source.<\/a><\/p>\n","protected":false},"excerpt":{"rendered":"<p>L\u2019actualit\u00e9 \u00e9conomique camerounaise est polaris\u00e9e depuis la semaine derni\u00e8re par cette ordonnance du Chef de l\u2019Etat, modifiant et compl\u00e9tant certaines dispositions de la loi No 2020\/018 du 17 d\u00e9cembre 2020 portant loi des finances de la R\u00e9publique du Cameroun pour l\u2019exercice 2021. Celle-ci, au gr\u00e9 des r\u00e9ajustements cons\u00e9quemment apport\u00e9s par le collectif budg\u00e9taire, a permis [&hellip;]<\/p>\n","protected":false},"author":1969,"featured_media":0,"comment_status":"closed","ping_status":"closed","sticky":false,"template":"","format":"standard","meta":{"fifu_image_url":"","fifu_image_alt":"","footnotes":""},"categories":[82,78],"tags":[],"class_list":["post-118607","post","type-post","status-publish","format-standard","hentry","category-cameroun","category-economie"],"_links":{"self":[{"href":"https:\/\/linitiative.ca\/International\/wp-json\/wp\/v2\/posts\/118607","targetHints":{"allow":["GET"]}}],"collection":[{"href":"https:\/\/linitiative.ca\/International\/wp-json\/wp\/v2\/posts"}],"about":[{"href":"https:\/\/linitiative.ca\/International\/wp-json\/wp\/v2\/types\/post"}],"author":[{"embeddable":true,"href":"https:\/\/linitiative.ca\/International\/wp-json\/wp\/v2\/users\/1969"}],"replies":[{"embeddable":true,"href":"https:\/\/linitiative.ca\/International\/wp-json\/wp\/v2\/comments?post=118607"}],"version-history":[{"count":0,"href":"https:\/\/linitiative.ca\/International\/wp-json\/wp\/v2\/posts\/118607\/revisions"}],"wp:attachment":[{"href":"https:\/\/linitiative.ca\/International\/wp-json\/wp\/v2\/media?parent=118607"}],"wp:term":[{"taxonomy":"category","embeddable":true,"href":"https:\/\/linitiative.ca\/International\/wp-json\/wp\/v2\/categories?post=118607"},{"taxonomy":"post_tag","embeddable":true,"href":"https:\/\/linitiative.ca\/International\/wp-json\/wp\/v2\/tags?post=118607"}],"curies":[{"name":"wp","href":"https:\/\/api.w.org\/{rel}","templated":true}]}}