{"id":118610,"date":"2021-06-14T12:51:38","date_gmt":"2021-06-14T16:51:38","guid":{"rendered":"https:\/\/linitiative.ca\/International\/endettement-paul-biya-autorise-un-nouvel-emprunt-de-541-milliards-de-f\/"},"modified":"2021-06-14T12:51:38","modified_gmt":"2021-06-14T16:51:38","slug":"endettement-paul-biya-autorise-un-nouvel-emprunt-de-541-milliards-de-f","status":"publish","type":"post","link":"https:\/\/linitiative.ca\/International\/endettement-paul-biya-autorise-un-nouvel-emprunt-de-541-milliards-de-f\/","title":{"rendered":"Endettement : Paul Biya autorise un nouvel emprunt de 54,1 milliards de F"},"content":{"rendered":"<p>C\u2019est un nouvel emprunt que contracte le Cameroun. Dans un d\u00e9cret sign\u00e9 du 10 juin 2021, le pr\u00e9sident de la R\u00e9publique, habilite le ministre de l\u2019Economie, de la Planification et de l\u2019Am\u00e9nagement du Territoire Alamine Ousmane Mey a sign\u00e9\u00a0\u00a0un accord de cr\u00e9dit de 100 millions de dollars soit 54,1 milliards de F avec l\u2019Association internationale de d\u00e9veloppement (IDA). Ceci au profit de la troisi\u00e8me op\u00e9ration d\u2019appui aux politiques de d\u00e9veloppement du Cameroun. Ce nouveau financement de la Banque mondiale, vient clore la s\u00e9rie de trois financements d\u00e9di\u00e9e \u00e0 cet effet. Ledit programme\u00a0vise \u00e0 renforcer la viabilit\u00e9 des finances publiques, am\u00e9liorer la comp\u00e9titivit\u00e9 et prot\u00e9ger les populations pauvres et les plus vuln\u00e9rables.<\/p>\n<p><strong>Lire aussi<\/strong> : <strong><a href=\"https:\/\/ecomatin.net\/endettement-paul-biya-autorise-500-milliards-de-dettes-supplementaires-en-2021\/\">Endettement : Paul Biya autorise 500 milliards de dettes suppl\u00e9mentaires en 2021<\/a><\/strong><\/p>\n<p>L\u2019emprunt qui sera paraph\u00e9 dans les prochains jours, intervient quelques semaines apr\u00e8s que le Gouvernement\u00a0\u00a0ait d\u00e9cid\u00e9 de\u00a0\u00a0contracter 450 milliards de FCFA suppl\u00e9mentaires d\u2019emprunts non concessionnels, qui doivent servir prioritairement au\u00a0\u00a0rachat de l\u2019Eurobond \u00e9mis en\u00a0\u00a02015.<\/p>\n<p>La question de la dette au Cameroun demeure une th\u00e9matique assez sensible et fait syst\u00e9matiquement l\u2019objet de d\u00e9bats.\u00a0\u00a0D\u2019aucuns vivent\u00a0\u00a0encore sous la psychose d\u2019un surendettement de l\u2019Etat et de la perspective d\u2019un programme d\u2019ajustement structurel dont les pr\u00e9c\u00e9dents ont eu comme cons\u00e9quences, les privatisations des entreprises publiques, les baisses de salaires et la r\u00e9duction des effectifs \u00e0 la fonction publique et dans les entit\u00e9s publiques. Une situation donc la plupart de camerounais ne souhaitent plus revivre.<\/p>\n<p><strong>Lire aussi<\/strong> : <a href=\"https:\/\/ecomatin.net\/le-taux-dendettement-du-cameroun-du-cameroun-baisse-de-27\/\">Le taux d\u2019endettement du Cameroun du Cameroun baisse de 2,7%<\/a><\/p>\n<p>Selon la CAA, organisme public charg\u00e9 de la gestion de la dette de l\u2019Etat, l\u2019encours de la dette du secteur public au 30 avril 2021 est estim\u00e9 \u00e0 10 551 milliards de FCFA, soit 44,1% du PIB soit une baisse de 0,6% par rapport au mois pr\u00e9c\u00e9dent et une hausse de 5,1% en glissement annuel. Cet encours se compose de 91,2% de dette directe et garantie par l\u2019Administration Centrale et 8,8% de dette des \u00e9tablissements et entreprises publiques. La dette directe de l\u2019Administration Centrale est compos\u00e9e de 70,7% de dette ext\u00e9rieure et 29,3% de dette int\u00e9rieure y compris les restes \u00e0 payer de plus de 3 mois. Par ailleurs, la dette garantie par l\u2019Administration Centrale est \u00e9valu\u00e9e \u00e0 27 milliards de FCFA tandis que la dette directe des entreprises publiques se chiffre \u00e0 924 milliards de FCFA.<\/p>\n<p><strong>Lire aussi<\/strong> : <strong><a href=\"https:\/\/ecomatin.net\/endettement-834-milliardss-de-fcfa-de-dette-retrocedee-aux-entreprises-publiques\/\">Endettement : 834 milliards de Fcfa de dette r\u00e9troc\u00e9d\u00e9e aux entreprises publiques<\/a><\/strong><\/p>\n<p>Auteur: Amina MALLOUM<br \/>\n<a href=\"https:\/\/ecomatin.net\/endettementt-paul-biya-autorise-un-nouvel-emprunt-de-541-milliards-de-f\/\">Cliquez ici pour lire l&rsquo;article depuis sa source.<\/a><\/p>\n","protected":false},"excerpt":{"rendered":"<p>C\u2019est un nouvel emprunt que contracte le Cameroun. Dans un d\u00e9cret sign\u00e9 du 10 juin 2021, le pr\u00e9sident de la R\u00e9publique, habilite le ministre de l\u2019Economie, de la Planification et de l\u2019Am\u00e9nagement du Territoire Alamine Ousmane Mey a sign\u00e9\u00a0\u00a0un accord de cr\u00e9dit de 100 millions de dollars soit 54,1 milliards de F avec l\u2019Association internationale [&hellip;]<\/p>\n","protected":false},"author":1969,"featured_media":0,"comment_status":"closed","ping_status":"closed","sticky":false,"template":"","format":"standard","meta":{"fifu_image_url":"","fifu_image_alt":"","footnotes":""},"categories":[82,78],"tags":[],"class_list":["post-118610","post","type-post","status-publish","format-standard","hentry","category-cameroun","category-economie"],"_links":{"self":[{"href":"https:\/\/linitiative.ca\/International\/wp-json\/wp\/v2\/posts\/118610","targetHints":{"allow":["GET"]}}],"collection":[{"href":"https:\/\/linitiative.ca\/International\/wp-json\/wp\/v2\/posts"}],"about":[{"href":"https:\/\/linitiative.ca\/International\/wp-json\/wp\/v2\/types\/post"}],"author":[{"embeddable":true,"href":"https:\/\/linitiative.ca\/International\/wp-json\/wp\/v2\/users\/1969"}],"replies":[{"embeddable":true,"href":"https:\/\/linitiative.ca\/International\/wp-json\/wp\/v2\/comments?post=118610"}],"version-history":[{"count":0,"href":"https:\/\/linitiative.ca\/International\/wp-json\/wp\/v2\/posts\/118610\/revisions"}],"wp:attachment":[{"href":"https:\/\/linitiative.ca\/International\/wp-json\/wp\/v2\/media?parent=118610"}],"wp:term":[{"taxonomy":"category","embeddable":true,"href":"https:\/\/linitiative.ca\/International\/wp-json\/wp\/v2\/categories?post=118610"},{"taxonomy":"post_tag","embeddable":true,"href":"https:\/\/linitiative.ca\/International\/wp-json\/wp\/v2\/tags?post=118610"}],"curies":[{"name":"wp","href":"https:\/\/api.w.org\/{rel}","templated":true}]}}