{"id":118612,"date":"2021-06-15T09:19:57","date_gmt":"2021-06-15T13:19:57","guid":{"rendered":"https:\/\/linitiative.ca\/International\/le-theatre-du-studio-des-arts-vivants-reprend-ses-activites\/"},"modified":"2021-06-15T09:19:57","modified_gmt":"2021-06-15T13:19:57","slug":"le-theatre-du-studio-des-arts-vivants-reprend-ses-activites","status":"publish","type":"post","link":"https:\/\/linitiative.ca\/International\/le-theatre-du-studio-des-arts-vivants-reprend-ses-activites\/","title":{"rendered":"Le th\u00e9\u00e2tre du Studio des arts vivants reprend ses activit\u00e9s"},"content":{"rendered":"<header>\n<div class=\"entry-post-meta\">\n<div class=\"author-link\">Publi\u00e9 par <a itemprop=\"author\" itemscope=\"itemscope\" itemtype=\"https:\/\/schema.org\/Person\" href=\"https:\/\/aujourdhui.ma\/author\/blio\" rel=\"author\"><span itemprop=\"name\">ALM<\/span><\/a><\/div>\n<p>Date\u00a0:<time content=\"2021-06-15T14:19:57+01:00\" class=\"entry-date updated\" datetime=\"2021-06-15T14:19:57+01:00\">juin 15, 2021<\/time><\/p>\n<div class=\"entry-cat\">dans:<a href=\"https:\/\/aujourdhui.ma\/category\/culture\" rel=\"category tag\">Culture<\/a><\/div>\n<p>28Vues<\/p>\n<\/div>\n<\/header>\n<div class=\"entry-content clearfix\" readability=\"49\">\n<figure class=\"post-thumbnail\" itemprop=\"associatedMedia\" itemscope=\"itemscope\" itemtype=\"http:\/\/schema.org\/ImageObject\"><img decoding=\"async\" class=\"post_layout_5_img\" src=\"https:\/\/aujourdhui.ma\/wp-content\/uploads\/2021\/06\/Studio-des-arts-vivants-Casablanca.jpg\" alt=\"Le th\u00e9\u00e2tre du Studio des arts vivants reprend ses activit\u00e9s\"\/><\/figure>\n<p><span class=\"c6\"><strong>C\u2019est la reprise au th\u00e9\u00e2tre du Studio des arts vivants \u00e0 Casablanca! Pour marquer cette r\u00e9ouverture, le Studio a d\u00e9j\u00e0 concoct\u00e9 le programme de toute la saison 2021-2022.<\/strong><\/span> <span id=\"more-379154\"\/><\/p>\n<p>\u00abKarim Duval et Waly Dia, que nous avons d\u00fb ajourner la saison derni\u00e8re, seront pr\u00e9sents d\u00e8s le premier trimestre de la nouvelle saison\u00bb, pr\u00e9cise le Studio. Et ce n\u2019est pas tout ! \u00abPour les classiques, Moli\u00e8re et Shakespeare avec les incontournables \u00abL\u2019\u00e9cole des femmes\u00bb et \u00abRom\u00e9o et Juliette\u00bb seront pr\u00e9sent\u00e9s dans des mises en sc\u00e8ne l\u00e9g\u00e8res, originales et actuelles\u00bb, ajoute la m\u00eame structure. Le th\u00e9\u00e2tre du Studio est \u00e9galement heureux d\u2019avoir \u00e9toff\u00e9 sa saison de spectacles marocains en Darija avec les repr\u00e9sentations de \u00abBad\u2019add\u00bb, \u00abEntre autre (s)\u00bb ou encore \u00abSmile \u00bb de Bassou. \u00abEnfin, nos grandes fiert\u00e9s de cette saison : l\u2019extraordinaire \u00abMachine de Turing\u00bb, pi\u00e8ce encens\u00e9e et r\u00e9compens\u00e9e de 4 Moli\u00e8res en 2019 et Michel Fugain. Nul besoin de pr\u00e9senter celui qui a vendu plus de dix millions de disques en cinquante ans de carri\u00e8re ; venir \u00e0 la rencontre de cet artiste unique sera un moment inoubliable\u00bb, ajoute le Studio qui promet d\u2019autres belles surprises.<\/p>\n<\/div>\n<p>Auteur: ALM<br \/>\n<a href=\"https:\/\/aujourdhui.ma\/culture\/le-theatre-du-studio-des-arts-vivants-reprend-ses-activites\">Cliquez ici pour lire l&rsquo;article depuis sa source.<\/a><\/p>\n","protected":false},"excerpt":{"rendered":"<p>Publi\u00e9 par ALM Date\u00a0:juin 15, 2021 dans:Culture 28Vues C\u2019est la reprise au th\u00e9\u00e2tre du Studio des arts vivants \u00e0 Casablanca! Pour marquer cette r\u00e9ouverture, le Studio a d\u00e9j\u00e0 concoct\u00e9 le programme de toute la saison 2021-2022. \u00abKarim Duval et Waly Dia, que nous avons d\u00fb ajourner la saison derni\u00e8re, seront pr\u00e9sents d\u00e8s le premier trimestre [&hellip;]<\/p>\n","protected":false},"author":1759,"featured_media":0,"comment_status":"closed","ping_status":"closed","sticky":false,"template":"","format":"standard","meta":{"fifu_image_url":"https:\/\/aujourdhui.ma\/wp-content\/uploads\/2021\/06\/Studio-des-arts-vivants-Casablanca.jpg","fifu_image_alt":"Le th\u00e9\u00e2tre du Studio des arts vivants reprend ses activit\u00e9s","footnotes":""},"categories":[73,54],"tags":[],"class_list":["post-118612","post","type-post","status-publish","format-standard","hentry","category-actualite","category-maroc"],"_links":{"self":[{"href":"https:\/\/linitiative.ca\/International\/wp-json\/wp\/v2\/posts\/118612","targetHints":{"allow":["GET"]}}],"collection":[{"href":"https:\/\/linitiative.ca\/International\/wp-json\/wp\/v2\/posts"}],"about":[{"href":"https:\/\/linitiative.ca\/International\/wp-json\/wp\/v2\/types\/post"}],"author":[{"embeddable":true,"href":"https:\/\/linitiative.ca\/International\/wp-json\/wp\/v2\/users\/1759"}],"replies":[{"embeddable":true,"href":"https:\/\/linitiative.ca\/International\/wp-json\/wp\/v2\/comments?post=118612"}],"version-history":[{"count":0,"href":"https:\/\/linitiative.ca\/International\/wp-json\/wp\/v2\/posts\/118612\/revisions"}],"wp:attachment":[{"href":"https:\/\/linitiative.ca\/International\/wp-json\/wp\/v2\/media?parent=118612"}],"wp:term":[{"taxonomy":"category","embeddable":true,"href":"https:\/\/linitiative.ca\/International\/wp-json\/wp\/v2\/categories?post=118612"},{"taxonomy":"post_tag","embeddable":true,"href":"https:\/\/linitiative.ca\/International\/wp-json\/wp\/v2\/tags?post=118612"}],"curies":[{"name":"wp","href":"https:\/\/api.w.org\/{rel}","templated":true}]}}