{"id":118613,"date":"2021-06-15T09:45:01","date_gmt":"2021-06-15T13:45:01","guid":{"rendered":"https:\/\/linitiative.ca\/International\/pour-accompagner-les-perspectives-de-son-developpement-un-troisieme-acces-au-port-dagadir-dans-le-pipe\/"},"modified":"2021-06-15T09:45:01","modified_gmt":"2021-06-15T13:45:01","slug":"pour-accompagner-les-perspectives-de-son-developpement-un-troisieme-acces-au-port-dagadir-dans-le-pipe","status":"publish","type":"post","link":"https:\/\/linitiative.ca\/International\/pour-accompagner-les-perspectives-de-son-developpement-un-troisieme-acces-au-port-dagadir-dans-le-pipe\/","title":{"rendered":"Pour accompagner les perspectives de son d\u00e9veloppement : Un troisi\u00e8me acc\u00e8s au port d\u2019Agadir  dans le pipe"},"content":{"rendered":"<header>\n<\/header>\n<div class=\"entry-content clearfix\" readability=\"60\">\n<figure class=\"post-thumbnail\" itemprop=\"associatedMedia\" itemscope=\"itemscope\" itemtype=\"http:\/\/schema.org\/ImageObject\"><img decoding=\"async\" class=\"post_layout_5_img\" src=\"http:\/\/aujourdhui.ma\/wp-content\/uploads\/2020\/03\/Le-port-d\u2019Agadir.jpg\" alt=\"Pour accompagner les perspectives de son d\u00e9veloppement : Un troisi\u00e8me acc\u00e8s au port d\u2019Agadir dans le pipe\"\/><\/figure>\n<p><span class=\"c6\"><strong>Le port d\u2019Agadir sera dot\u00e9 d\u2019un troisi\u00e8me acc\u00e8s et qui permettra d\u2019apporter une solution propice aux probl\u00e8mes sp\u00e9cifiques du port en tenant en compte ses perspectives de d\u00e9veloppement \u00e0 court et moyen termes.<\/strong><\/span><span id=\"more-379141\"\/><\/p>\n<p>Afin de rem\u00e9dier \u00e0 l\u2019encombrement au niveau des acc\u00e8s actuels du port d\u2019Agadir et de diminuer le temps de passage des camions, l\u2019Agence nationale des ports (ANP) envisage la r\u00e9alisation d\u2019un troisi\u00e8me acc\u00e8s au port de commerce d\u2019Agadir. Il comprendra l\u2019ensemble des services accessoires (pesage, scanner, divers contr\u00f4les) ainsi que des am\u00e9nagements ext\u00e9rieurs.<br \/>Le futur acc\u00e8s au port g\u00e9n\u00e9rera des trafics additionnels (surtout de poids lourds) importants vu la r\u00e9alisation de la voie de contournement Nord Est du Grand Agadir reliant l\u2019a\u00e9roport Al Massira au port d\u2019Agadir, ce qui engendrera des changements importants des flux de circulation \u00e0 l\u2019int\u00e9rieur du port.<br \/>Par ailleurs l\u2019ANP proc\u00e9dera \u00e0 l\u2019actualisation du Plan de circulation du port d\u2019Agadir pour \u00e9valuer l\u2019impact des projets en cours et futurs sur les conditions de circulation au niveau des voies et des carrefours du port.<br \/>Cet acc\u00e8s permettra une am\u00e9lioration des conditions de circulation et de fluidit\u00e9 du trafic permettant une r\u00e9duction des retards et des d\u00e9lais de parcours dus \u00e0 la congestion du trafic poids lourds.<br \/>Pour ce faire, l\u2019ANP, en tant que ma\u00eetre d\u2019ouvrage, vient de publier un appel d\u2019offres pour l\u2019actualisation du Plan de circulation \u00e0 l\u2019int\u00e9rieur du port d\u2019Agadir, et qui sera d\u00e9clin\u00e9 en actions \u00e0 court et moyen termes permettant la valorisation des voiries et des infrastructures d\u00e9j\u00e0 existantes et projet\u00e9es et proposant des mesures et des dispositions adapt\u00e9es \u00e0 la situation sp\u00e9cifique du port d\u2019Agadir.<br \/>Ainsi, le prestataire s\u00e9lectionn\u00e9 aura pour mission de dresser une cartographie des diff\u00e9rents enjeux de la circulation et de stationnement ou niveau du port d\u2019Agadir. Le diagnostic a pour objectif de mettre en \u00e9vidence le Plan de circulation actuel et de pr\u00e9senter les dysfonctionnements du syst\u00e8me actuel de circulation dans le port et de pr\u00e9senter surtout l\u2019impact des nouveaux projets. Il proposera des sc\u00e9narios sur les flux de circulation \u00e0 l\u2019int\u00e9rieur, \u00e0 court et moyen termes au port d\u2019Agadir, en prenant en consid\u00e9ration l\u2019organisation issue de la r\u00e9forme portuaire et le d\u00e9veloppement des activit\u00e9s portuaires \u00e0 court et moyen termes.<\/p>\n<p>En tenant compte de son hinterland, le port d\u2019Agadir joue un r\u00f4le important dans le d\u00e9veloppement de l\u2019\u00e9conomie r\u00e9gionale et contribue au d\u00e9veloppement de l\u2019\u00e9conomie nationale. Il constitue le d\u00e9bouch\u00e9 naturel des activit\u00e9s agroalimentaires de la plaine du Souss-Massa et de ses richesses halieutiques.<br \/>Le port d\u2019Agadir, essentiellement d\u00e9di\u00e9 \u00e0 la p\u00eache dans le pass\u00e9, est devenu progressivement un complexe portuaire, englobant \u00e0 la fois le port de p\u00eache, le port de commerce et le port de plaisance.<\/p>\n<\/div>\n<p>Auteur: Mohamed Laabid<br \/>\n<a href=\"https:\/\/aujourdhui.ma\/economie\/pour-accompagner-les-perspectives-de-son-developpement-un-troisieme-acces-au-port-dagadir-dans-le-pipe\">Cliquez ici pour lire l&rsquo;article depuis sa source.<\/a><\/p>\n","protected":false},"excerpt":{"rendered":"<p>Le port d\u2019Agadir sera dot\u00e9 d\u2019un troisi\u00e8me acc\u00e8s et qui permettra d\u2019apporter une solution propice aux probl\u00e8mes sp\u00e9cifiques du port en tenant en compte ses perspectives de d\u00e9veloppement \u00e0 court et moyen termes. Afin de rem\u00e9dier \u00e0 l\u2019encombrement au niveau des acc\u00e8s actuels du port d\u2019Agadir et de diminuer le temps de passage des camions, [&hellip;]<\/p>\n","protected":false},"author":1759,"featured_media":0,"comment_status":"closed","ping_status":"closed","sticky":false,"template":"","format":"standard","meta":{"fifu_image_url":"http:\/\/aujourdhui.ma\/wp-content\/uploads\/2020\/03\/Le-port-d\u2019Agadir.jpg","fifu_image_alt":"Pour accompagner les perspectives de son d\u00e9veloppement : Un troisi\u00e8me acc\u00e8s au port d\u2019Agadir  dans le pipe","footnotes":""},"categories":[73,54],"tags":[],"class_list":["post-118613","post","type-post","status-publish","format-standard","hentry","category-actualite","category-maroc"],"_links":{"self":[{"href":"https:\/\/linitiative.ca\/International\/wp-json\/wp\/v2\/posts\/118613","targetHints":{"allow":["GET"]}}],"collection":[{"href":"https:\/\/linitiative.ca\/International\/wp-json\/wp\/v2\/posts"}],"about":[{"href":"https:\/\/linitiative.ca\/International\/wp-json\/wp\/v2\/types\/post"}],"author":[{"embeddable":true,"href":"https:\/\/linitiative.ca\/International\/wp-json\/wp\/v2\/users\/1759"}],"replies":[{"embeddable":true,"href":"https:\/\/linitiative.ca\/International\/wp-json\/wp\/v2\/comments?post=118613"}],"version-history":[{"count":0,"href":"https:\/\/linitiative.ca\/International\/wp-json\/wp\/v2\/posts\/118613\/revisions"}],"wp:attachment":[{"href":"https:\/\/linitiative.ca\/International\/wp-json\/wp\/v2\/media?parent=118613"}],"wp:term":[{"taxonomy":"category","embeddable":true,"href":"https:\/\/linitiative.ca\/International\/wp-json\/wp\/v2\/categories?post=118613"},{"taxonomy":"post_tag","embeddable":true,"href":"https:\/\/linitiative.ca\/International\/wp-json\/wp\/v2\/tags?post=118613"}],"curies":[{"name":"wp","href":"https:\/\/api.w.org\/{rel}","templated":true}]}}