{"id":118614,"date":"2021-06-15T10:00:35","date_gmt":"2021-06-15T14:00:35","guid":{"rendered":"https:\/\/linitiative.ca\/International\/ouverture-en-septembre-de-la-faculte-de-medecine-de-laayoune\/"},"modified":"2021-06-15T10:00:35","modified_gmt":"2021-06-15T14:00:35","slug":"ouverture-en-septembre-de-la-faculte-de-medecine-de-laayoune","status":"publish","type":"post","link":"https:\/\/linitiative.ca\/International\/ouverture-en-septembre-de-la-faculte-de-medecine-de-laayoune\/","title":{"rendered":"Ouverture en septembre de la facult\u00e9 de m\u00e9decine de La\u00e2youne"},"content":{"rendered":"<header>\n<\/header>\n<div class=\"entry-content clearfix\" readability=\"64\">\n<figure class=\"post-thumbnail\" itemprop=\"associatedMedia\" itemscope=\"itemscope\" itemtype=\"http:\/\/schema.org\/ImageObject\"><img decoding=\"async\" class=\"post_layout_5_img\" src=\"http:\/\/aujourdhui.ma\/wp-content\/uploads\/2021\/06\/Faculte-de-Medecine-et-de-Pharmacie_Agadir.jpg\" alt=\"Ouverture en septembre de la facult\u00e9 de m\u00e9decine de La\u00e2youne\"\/><\/figure>\n<p><span class=\"c6\"><strong>La facult\u00e9 de m\u00e9decine et de pharmacie de La\u00e2youne, qui a n\u00e9cessit\u00e9 un investissement de 257 millions de dirhams, ouvrira ses portes en septembre prochain devant les \u00e9tudiants des provinces du Sud.<\/strong><\/span><span id=\"more-379144\"\/><br \/>Les candidatures pour le concours d\u2019acc\u00e8s \u00e0 cette facult\u00e9 pour l\u2019ann\u00e9e universitaire 2021-2022 viennent d\u2019\u00eatre lanc\u00e9es par le minist\u00e8re charg\u00e9 de l\u2019enseignement sup\u00e9rieur, marquant ainsi la mise en service de cet \u00e9tablissement de formation sup\u00e9rieure. Dans une r\u00e9cente circulaire, le minist\u00e8re a annonc\u00e9 que les candidatures pour ce concours, qui concerne les huit facult\u00e9s de m\u00e9decine et de pharmacie du Royaume, doivent \u00eatre d\u00e9pos\u00e9es durant la p\u00e9riode entre le 15 juin et le 11 juillet. Pour son ouverture, la facult\u00e9 de m\u00e9decine de La\u00e2youne va accueillir 100 \u00e9tudiants originaires des provinces de La\u00e2youne, Tan-Tan, Sidi Ifni, Tarfaya, Guelmim, Aousserd, Oued Eddahab, Es-Semara, Boujdour et Assa-Zag. Cet \u00e9tablissement universitaire, \u00e9rig\u00e9 sur une superficie de 10 ha, s\u2019inscrit dans le cadre de la strat\u00e9gie du Maroc de former 3.300 m\u00e9decins par an, pour doubler la densit\u00e9 m\u00e9dicale et passer de 6 \u00e0 10 m\u00e9decins pour 10.000 habitants.<br \/>Il est dot\u00e9 notamment de centres de formation contenant un amphith\u00e9\u00e2tre de 400 places, trois salles de 50 places, deux salles de soutenance, deux salles de th\u00e8se, quatre salles de s\u00e9minaire et quatre salles de r\u00e9union.<br \/>Il comprend \u00e9galement des d\u00e9partements d\u2019enseignement, qui regroupent deux salles de th\u00e8se, quatre salles de s\u00e9minaire et quatre salles de r\u00e9unions, ainsi que des laboratoires sp\u00e9cialis\u00e9s, des centres de recherche, quatre amphith\u00e9\u00e2tres de 300 places, 6 salles de cours de 60 places et dix salles de travaux dirig\u00e9s.<br \/>Cette facult\u00e9 est l\u2019un des chantiers embl\u00e9matiques du nouveau mod\u00e8le de d\u00e9veloppement des provinces du Sud, lanc\u00e9 en 2015 par SM le Roi Mohammed VI pour des investissements de plus de<br \/>77 milliards DH.<\/p>\n<\/div>\n<p>Auteur: ALM<br \/>\n<a href=\"https:\/\/aujourdhui.ma\/actualite\/ouverture-en-septembre-de-la-faculte-de-medecine-de-laayoune\">Cliquez ici pour lire l&rsquo;article depuis sa source.<\/a><\/p>\n","protected":false},"excerpt":{"rendered":"<p>La facult\u00e9 de m\u00e9decine et de pharmacie de La\u00e2youne, qui a n\u00e9cessit\u00e9 un investissement de 257 millions de dirhams, ouvrira ses portes en septembre prochain devant les \u00e9tudiants des provinces du Sud.Les candidatures pour le concours d\u2019acc\u00e8s \u00e0 cette facult\u00e9 pour l\u2019ann\u00e9e universitaire 2021-2022 viennent d\u2019\u00eatre lanc\u00e9es par le minist\u00e8re charg\u00e9 de l\u2019enseignement sup\u00e9rieur, marquant [&hellip;]<\/p>\n","protected":false},"author":1759,"featured_media":0,"comment_status":"closed","ping_status":"closed","sticky":false,"template":"","format":"standard","meta":{"fifu_image_url":"http:\/\/aujourdhui.ma\/wp-content\/uploads\/2021\/06\/Faculte-de-Medecine-et-de-Pharmacie_Agadir.jpg","fifu_image_alt":"Ouverture en septembre de la facult\u00e9 de m\u00e9decine de La\u00e2youne","footnotes":""},"categories":[73,54],"tags":[],"class_list":["post-118614","post","type-post","status-publish","format-standard","hentry","category-actualite","category-maroc"],"_links":{"self":[{"href":"https:\/\/linitiative.ca\/International\/wp-json\/wp\/v2\/posts\/118614","targetHints":{"allow":["GET"]}}],"collection":[{"href":"https:\/\/linitiative.ca\/International\/wp-json\/wp\/v2\/posts"}],"about":[{"href":"https:\/\/linitiative.ca\/International\/wp-json\/wp\/v2\/types\/post"}],"author":[{"embeddable":true,"href":"https:\/\/linitiative.ca\/International\/wp-json\/wp\/v2\/users\/1759"}],"replies":[{"embeddable":true,"href":"https:\/\/linitiative.ca\/International\/wp-json\/wp\/v2\/comments?post=118614"}],"version-history":[{"count":0,"href":"https:\/\/linitiative.ca\/International\/wp-json\/wp\/v2\/posts\/118614\/revisions"}],"wp:attachment":[{"href":"https:\/\/linitiative.ca\/International\/wp-json\/wp\/v2\/media?parent=118614"}],"wp:term":[{"taxonomy":"category","embeddable":true,"href":"https:\/\/linitiative.ca\/International\/wp-json\/wp\/v2\/categories?post=118614"},{"taxonomy":"post_tag","embeddable":true,"href":"https:\/\/linitiative.ca\/International\/wp-json\/wp\/v2\/tags?post=118614"}],"curies":[{"name":"wp","href":"https:\/\/api.w.org\/{rel}","templated":true}]}}