{"id":118620,"date":"2021-06-15T06:05:07","date_gmt":"2021-06-15T10:05:07","guid":{"rendered":"https:\/\/linitiative.ca\/International\/ram-plus-de-70-de-la-capacite-encore-disponible-a-la-vente\/"},"modified":"2021-06-15T06:05:07","modified_gmt":"2021-06-15T10:05:07","slug":"ram-plus-de-70-de-la-capacite-encore-disponible-a-la-vente","status":"publish","type":"post","link":"https:\/\/linitiative.ca\/International\/ram-plus-de-70-de-la-capacite-encore-disponible-a-la-vente\/","title":{"rendered":"RAM: Plus de 70% de la capacit\u00e9 encore disponible \u00e0 la vente"},"content":{"rendered":"<div readability=\"35\">\n<p>Plus de 70% de la capacit\u00e9 mise en place dans le cadre du dispositif exceptionnel mis en faveur des Marocains du monde en p\u00e9riode d\u2019\u00e9t\u00e9 est encore disponible \u00e0 la vente, a annonc\u00e9 Royal Air Maroc (RAM).<\/p>\n<\/div>\n<div readability=\"72\">\n<p>\u00ab\u00a0Suite \u00e0 la mise en place d\u2019un dispositif \u00ab\u00a0exceptionnel\u00a0\u00bb et \u00ab\u00a0historique\u00a0\u00bb pour faciliter le d\u00e9placement des Marocains r\u00e9sidant \u00e0 l\u2019\u00e9tranger (MRE) en p\u00e9riode d\u2019\u00e9t\u00e9, en application des Hautes Instructions de Sa Majest\u00e9 le Roi Mohammed VI, une affluence record a \u00e9t\u00e9 constat\u00e9e sur nos diff\u00e9rents canaux de distribution -site internet, agences Royal Air Maroc et agences de voyage\u00a0\u00bb, indique RAM dans un communiqu\u00e9.<\/p>\n<p>Si les vols de certaines dates ont \u00e9t\u00e9 totalement satur\u00e9s, \u00ab\u00a0plus de 70% de la capacit\u00e9 mise en place sur la p\u00e9riode est encore disponible \u00e0 la vente\u00a0\u00bb, fait savoir la compagnie nationale, encourageant les clients \u00e0 rechercher des dates alternatives s\u2019ils ne trouvent pas de place \u00e0 leurs dates initialement pr\u00e9vues.<\/p>\n<p>Par ailleurs, Royal Air Maroc a tenu \u00e0 rappeler que l\u2019ensemble des billets \u00e9mis jusqu\u2019au 13 juin b\u00e9n\u00e9ficient, de part leurs conditions commerciales, d\u2019un remboursement du montant du billet sous forme d\u2019un avoir \u00e0 exploiter ult\u00e9rieurement sur les vols de RAM, valable 12 mois et remboursable en num\u00e9raire \u00e0 l\u2019expiration de sa validit\u00e9, ou d\u2019un changement de date du voyage, sans p\u00e9nalit\u00e9, ajoutant qu\u2019\u00e0 titre exceptionnel, la date de validit\u00e9 peut s\u2019\u00e9tendre jusqu\u2019au 31 mars 2022 au lieu du 31 octobre 2021 pr\u00e9vu initialement (une diff\u00e9rence tarifaire peut \u00eatre appliqu\u00e9e).<\/p>\n<p>Quant aux clients qui ont d\u00e9j\u00e0 b\u00e9n\u00e9fici\u00e9 d\u2019un changement de date gratuit, ils auront la possibilit\u00e9 d\u2019obtenir un deuxi\u00e8me changement de date gratuitement, \u00e0 titre exceptionnel, pr\u00e9cise la m\u00eame source, notant que les clients disposant d\u2019un billet avec option de remboursement gratuit, peuvent, quant \u00e0 eux, b\u00e9n\u00e9ficier de la restitution du montant en num\u00e9raire comme indiqu\u00e9 dans les conditions tarifaires du billet.<\/p>\n<\/div>\n<p>Auteur: Meriem IGASS<br \/>\n<a href=\"http:\/\/www.mapmarrakech.ma\/fr\/ram-plus-de-70-de-la-capacite-encore-disponible-a-la-vente\/\">Cliquez ici pour lire l&rsquo;article depuis sa source.<\/a><\/p>\n","protected":false},"excerpt":{"rendered":"<p>Plus de 70% de la capacit\u00e9 mise en place dans le cadre du dispositif exceptionnel mis en faveur des Marocains du monde en p\u00e9riode d\u2019\u00e9t\u00e9 est encore disponible \u00e0 la vente, a annonc\u00e9 Royal Air Maroc (RAM). \u00ab\u00a0Suite \u00e0 la mise en place d\u2019un dispositif \u00ab\u00a0exceptionnel\u00a0\u00bb et \u00ab\u00a0historique\u00a0\u00bb pour faciliter le d\u00e9placement des Marocains r\u00e9sidant [&hellip;]<\/p>\n","protected":false},"author":1788,"featured_media":0,"comment_status":"closed","ping_status":"closed","sticky":false,"template":"","format":"standard","meta":{"fifu_image_url":"","fifu_image_alt":"","footnotes":""},"categories":[54,76],"tags":[],"class_list":["post-118620","post","type-post","status-publish","format-standard","hentry","category-maroc","category-regions"],"_links":{"self":[{"href":"https:\/\/linitiative.ca\/International\/wp-json\/wp\/v2\/posts\/118620","targetHints":{"allow":["GET"]}}],"collection":[{"href":"https:\/\/linitiative.ca\/International\/wp-json\/wp\/v2\/posts"}],"about":[{"href":"https:\/\/linitiative.ca\/International\/wp-json\/wp\/v2\/types\/post"}],"author":[{"embeddable":true,"href":"https:\/\/linitiative.ca\/International\/wp-json\/wp\/v2\/users\/1788"}],"replies":[{"embeddable":true,"href":"https:\/\/linitiative.ca\/International\/wp-json\/wp\/v2\/comments?post=118620"}],"version-history":[{"count":0,"href":"https:\/\/linitiative.ca\/International\/wp-json\/wp\/v2\/posts\/118620\/revisions"}],"wp:attachment":[{"href":"https:\/\/linitiative.ca\/International\/wp-json\/wp\/v2\/media?parent=118620"}],"wp:term":[{"taxonomy":"category","embeddable":true,"href":"https:\/\/linitiative.ca\/International\/wp-json\/wp\/v2\/categories?post=118620"},{"taxonomy":"post_tag","embeddable":true,"href":"https:\/\/linitiative.ca\/International\/wp-json\/wp\/v2\/tags?post=118620"}],"curies":[{"name":"wp","href":"https:\/\/api.w.org\/{rel}","templated":true}]}}