{"id":118627,"date":"2021-06-15T12:13:25","date_gmt":"2021-06-15T16:13:25","guid":{"rendered":"https:\/\/linitiative.ca\/International\/cannabis-le-projet-de-loi-adopte-en-2e-lecture-chez-les-representants\/"},"modified":"2021-06-15T12:13:25","modified_gmt":"2021-06-15T16:13:25","slug":"cannabis-le-projet-de-loi-adopte-en-2e-lecture-chez-les-representants","status":"publish","type":"post","link":"https:\/\/linitiative.ca\/International\/cannabis-le-projet-de-loi-adopte-en-2e-lecture-chez-les-representants\/","title":{"rendered":"Cannabis: Le projet de loi adopt\u00e9 en 2e lecture chez Les Repr\u00e9sentants"},"content":{"rendered":"<p class=\"rtejustify\">Le projet de loi n\u00b013.21 relatif \u00e0 l&rsquo;usage licite du cannabis a \u00e9t\u00e9 adopt\u00e9 \u00e0 la majorit\u00e9 \u00e0 la Chambre des repr\u00e9sentants, mardi en deuxi\u00e8me lecture.<\/p>\n<p class=\"rtejustify\">Adopt\u00e9 par 61 voix contre 25, le texte a \u00e9t\u00e9 transmis \u00e0 la Chambre des repr\u00e9sentants pour une deuxi\u00e8me lecture apr\u00e8s des amendements \u00e0 la Chambre des conseillers. Ce projet de loi vise \u00e0 soumettre toutes les activit\u00e9s li\u00e9es \u00e0 la culture, la production, la transformation, le transport, la commercialisation, l\u2019exportation et \u00e0 l\u2019importation du cannabis et de ses produits \u00e0 un syst\u00e8me de licence.<\/p>\n<p>Auteur: hgueye<br \/>\n<a href=\"https:\/\/www.leconomiste.com\/flash-infos\/cannabis-le-projet-de-loi-adopte-en-2e-lecture-chez-les-representants\">Cliquez ici pour lire l&rsquo;article depuis sa source.<\/a><\/p>\n","protected":false},"excerpt":{"rendered":"<p>Le projet de loi n\u00b013.21 relatif \u00e0 l&rsquo;usage licite du cannabis a \u00e9t\u00e9 adopt\u00e9 \u00e0 la majorit\u00e9 \u00e0 la Chambre des repr\u00e9sentants, mardi en deuxi\u00e8me lecture. Adopt\u00e9 par 61 voix contre 25, le texte a \u00e9t\u00e9 transmis \u00e0 la Chambre des repr\u00e9sentants pour une deuxi\u00e8me lecture apr\u00e8s des amendements \u00e0 la Chambre des conseillers. Ce [&hellip;]<\/p>\n","protected":false},"author":1763,"featured_media":0,"comment_status":"closed","ping_status":"closed","sticky":false,"template":"","format":"standard","meta":{"fifu_image_url":"","fifu_image_alt":"","footnotes":""},"categories":[78,54],"tags":[],"class_list":["post-118627","post","type-post","status-publish","format-standard","hentry","category-economie","category-maroc"],"_links":{"self":[{"href":"https:\/\/linitiative.ca\/International\/wp-json\/wp\/v2\/posts\/118627","targetHints":{"allow":["GET"]}}],"collection":[{"href":"https:\/\/linitiative.ca\/International\/wp-json\/wp\/v2\/posts"}],"about":[{"href":"https:\/\/linitiative.ca\/International\/wp-json\/wp\/v2\/types\/post"}],"author":[{"embeddable":true,"href":"https:\/\/linitiative.ca\/International\/wp-json\/wp\/v2\/users\/1763"}],"replies":[{"embeddable":true,"href":"https:\/\/linitiative.ca\/International\/wp-json\/wp\/v2\/comments?post=118627"}],"version-history":[{"count":0,"href":"https:\/\/linitiative.ca\/International\/wp-json\/wp\/v2\/posts\/118627\/revisions"}],"wp:attachment":[{"href":"https:\/\/linitiative.ca\/International\/wp-json\/wp\/v2\/media?parent=118627"}],"wp:term":[{"taxonomy":"category","embeddable":true,"href":"https:\/\/linitiative.ca\/International\/wp-json\/wp\/v2\/categories?post=118627"},{"taxonomy":"post_tag","embeddable":true,"href":"https:\/\/linitiative.ca\/International\/wp-json\/wp\/v2\/tags?post=118627"}],"curies":[{"name":"wp","href":"https:\/\/api.w.org\/{rel}","templated":true}]}}