{"id":118628,"date":"2021-06-15T12:14:06","date_gmt":"2021-06-15T16:14:06","guid":{"rendered":"https:\/\/linitiative.ca\/International\/usage-licite-du-cannabis-le-projet-de-loi-adopte\/"},"modified":"2021-06-15T12:14:06","modified_gmt":"2021-06-15T16:14:06","slug":"usage-licite-du-cannabis-le-projet-de-loi-adopte","status":"publish","type":"post","link":"https:\/\/linitiative.ca\/International\/usage-licite-du-cannabis-le-projet-de-loi-adopte\/","title":{"rendered":"Usage licite du cannabis: Le projet de loi adopt\u00e9"},"content":{"rendered":"<p>Apr\u00e8s son adoption \u00e0 la Chambre des conseillers en pl\u00e9ni\u00e8re, le projet de loi N\u00b013.21 relatif \u00e0 l\u2019usage licite du cannabis a \u00e9galement \u00e9t\u00e9 adopt\u00e9 \u00e0 la majorit\u00e9, ce mardi en deuxi\u00e8me lecture \u00e0 la Chambre des repr\u00e9sentants.<\/p>\n<p>Ce texte permettra d\u2019am\u00e9liorer la situation socio-\u00e9conomique de la population de la r\u00e9gion concern\u00e9e.<\/p>\n<p>Il vise \u00e0 soumettre toutes les activit\u00e9s li\u00e9es \u00e0 la culture, la production, la transformation, le transport, la commercialisation, l\u2019exportation et \u00e0 l\u2019importation du cannabis et de ses produits \u00e0 un syst\u00e8me de licence.<\/p>\n<p>Auteur: mbasraoui<br \/>\n<a href=\"https:\/\/www.leconomiste.com\/flash-infos\/usage-licite-du-cannabis-le-projet-de-loi-adopte\">Cliquez ici pour lire l&rsquo;article depuis sa source.<\/a><\/p>\n","protected":false},"excerpt":{"rendered":"<p>Apr\u00e8s son adoption \u00e0 la Chambre des conseillers en pl\u00e9ni\u00e8re, le projet de loi N\u00b013.21 relatif \u00e0 l\u2019usage licite du cannabis a \u00e9galement \u00e9t\u00e9 adopt\u00e9 \u00e0 la majorit\u00e9, ce mardi en deuxi\u00e8me lecture \u00e0 la Chambre des repr\u00e9sentants. Ce texte permettra d\u2019am\u00e9liorer la situation socio-\u00e9conomique de la population de la r\u00e9gion concern\u00e9e. Il vise \u00e0 [&hellip;]<\/p>\n","protected":false},"author":1763,"featured_media":0,"comment_status":"closed","ping_status":"closed","sticky":false,"template":"","format":"standard","meta":{"fifu_image_url":"","fifu_image_alt":"","footnotes":""},"categories":[78,54],"tags":[],"class_list":["post-118628","post","type-post","status-publish","format-standard","hentry","category-economie","category-maroc"],"_links":{"self":[{"href":"https:\/\/linitiative.ca\/International\/wp-json\/wp\/v2\/posts\/118628","targetHints":{"allow":["GET"]}}],"collection":[{"href":"https:\/\/linitiative.ca\/International\/wp-json\/wp\/v2\/posts"}],"about":[{"href":"https:\/\/linitiative.ca\/International\/wp-json\/wp\/v2\/types\/post"}],"author":[{"embeddable":true,"href":"https:\/\/linitiative.ca\/International\/wp-json\/wp\/v2\/users\/1763"}],"replies":[{"embeddable":true,"href":"https:\/\/linitiative.ca\/International\/wp-json\/wp\/v2\/comments?post=118628"}],"version-history":[{"count":0,"href":"https:\/\/linitiative.ca\/International\/wp-json\/wp\/v2\/posts\/118628\/revisions"}],"wp:attachment":[{"href":"https:\/\/linitiative.ca\/International\/wp-json\/wp\/v2\/media?parent=118628"}],"wp:term":[{"taxonomy":"category","embeddable":true,"href":"https:\/\/linitiative.ca\/International\/wp-json\/wp\/v2\/categories?post=118628"},{"taxonomy":"post_tag","embeddable":true,"href":"https:\/\/linitiative.ca\/International\/wp-json\/wp\/v2\/tags?post=118628"}],"curies":[{"name":"wp","href":"https:\/\/api.w.org\/{rel}","templated":true}]}}