{"id":118629,"date":"2021-06-15T15:14:30","date_gmt":"2021-06-15T19:14:30","guid":{"rendered":"https:\/\/linitiative.ca\/International\/international-man-city-deux-joueurs-prets-a-rejoindre-le-barca-cet-ete\/"},"modified":"2021-06-15T15:14:30","modified_gmt":"2021-06-15T19:14:30","slug":"international-man-city-deux-joueurs-prets-a-rejoindre-le-barca-cet-ete","status":"publish","type":"post","link":"https:\/\/linitiative.ca\/International\/international-man-city-deux-joueurs-prets-a-rejoindre-le-barca-cet-ete\/","title":{"rendered":"International : Man City : Deux joueurs pr\u00eats \u00e0 rejoindre le Bar\u00e7a cet \u00e9t\u00e9 ?"},"content":{"rendered":"<div readability=\"32\">\n<p>Auteur : <span class=\"time\">mardi 15 juin 2021 13:38<\/span><\/p>\n<\/div>\n<div id=\"post_core\" readability=\"61\">\n<p>Selon les informations de Mundo Deportivo qui a sond\u00e9 l\u2019environnement de Joao Cancelo et Bernardo Silva, les deux joueurs sous contrat jusqu\u2019en juin 2025, souhaiteraient aller au Bar\u00e7a. Le deal serait facilit\u00e9 par les bonnes relations entre Joan Laporta, pr\u00e9sident des Blaugrana, Txiki Begiristain, secr\u00e9taire technique de Manchester City, Pep Guardiola, et enfin l\u2019agent de deux Skyblues, Jorge Mendes comme l&rsquo;indique Onzemondial.<\/p>\n<p>Le quotidien espagnol explique n\u00e9anmoins que le plus dur dans cette op\u00e9ration sera d\u2019obtenir l\u2019accord de Sergi Roberto et d\u2019Ousmane Demb\u00e9l\u00e9, tous les deux sous contrat jusqu\u2019en juin 2022 en Catalogne. Pour le premier, cela\u00a0serait facilit\u00e9 par son agent Josep Maria Orobitg, qui g\u00e8re \u00e9galement les int\u00e9r\u00eats de Pep. Mais pour Demb\u00e9l\u00e9, soup\u00e7onn\u00e9 de vouloir partir libre l\u2019\u00e9t\u00e9 prochain, l\u2019accord sera plus ardu \u00e0 obtenir. Ainsi, l\u2019agent de l\u2019international fran\u00e7ais (24 s\u00e9lections, 4 buts) rencontre aujourd\u2019hui les responsables du Bar\u00e7a, pour discuter des contours de cet \u00e9change XXL. La balle est donc dans le camp de l\u2019ailier de 24 ans, qui affronte ce soir (21h), l&rsquo;Allemagne, pour le premier match des Bleus \u00e0 l&rsquo;Euro.<\/p>\n<p><strong>Publi\u00e9 dans :<\/strong> <span>Manchester City<\/span><\/p>\n<\/div>\n<p>Auteur:<br \/>\n<a href=\"http:\/\/www.lebuteur.com\/article\/detail?titre=man-city-deux-joueurs-prets-a-rejoindre-le-barca-cet-ete&#038;id=100380&#038;utm_source=feedburner&#038;utm_medium=feed&#038;utm_campaign=Feed%3A+GalerieFArtciles+%28Les+derniers+articles++-+lebuteur.com%29\">Cliquez ici pour lire l&rsquo;article depuis sa source.<\/a><\/p>\n","protected":false},"excerpt":{"rendered":"<p>Auteur : mardi 15 juin 2021 13:38 Selon les informations de Mundo Deportivo qui a sond\u00e9 l\u2019environnement de Joao Cancelo et Bernardo Silva, les deux joueurs sous contrat jusqu\u2019en juin 2025, souhaiteraient aller au Bar\u00e7a. Le deal serait facilit\u00e9 par les bonnes relations entre Joan Laporta, pr\u00e9sident des Blaugrana, Txiki Begiristain, secr\u00e9taire technique de Manchester [&hellip;]<\/p>\n","protected":false},"author":1738,"featured_media":0,"comment_status":"closed","ping_status":"closed","sticky":false,"template":"","format":"standard","meta":{"fifu_image_url":"\/\/cdn.lebuteur.com\/data\/images\/article\/thumbs\/large-man-city-deux-joueurs-prets-a-rejoindre-le-barca-cet-ete-c47e9.jpg","fifu_image_alt":"International : Man City : Deux joueurs pr\u00eats \u00e0 rejoindre le Bar\u00e7a cet \u00e9t\u00e9 ?","footnotes":""},"categories":[53,75],"tags":[],"class_list":["post-118629","post","type-post","status-publish","format-standard","hentry","category-algerie","category-sport"],"_links":{"self":[{"href":"https:\/\/linitiative.ca\/International\/wp-json\/wp\/v2\/posts\/118629","targetHints":{"allow":["GET"]}}],"collection":[{"href":"https:\/\/linitiative.ca\/International\/wp-json\/wp\/v2\/posts"}],"about":[{"href":"https:\/\/linitiative.ca\/International\/wp-json\/wp\/v2\/types\/post"}],"author":[{"embeddable":true,"href":"https:\/\/linitiative.ca\/International\/wp-json\/wp\/v2\/users\/1738"}],"replies":[{"embeddable":true,"href":"https:\/\/linitiative.ca\/International\/wp-json\/wp\/v2\/comments?post=118629"}],"version-history":[{"count":0,"href":"https:\/\/linitiative.ca\/International\/wp-json\/wp\/v2\/posts\/118629\/revisions"}],"wp:attachment":[{"href":"https:\/\/linitiative.ca\/International\/wp-json\/wp\/v2\/media?parent=118629"}],"wp:term":[{"taxonomy":"category","embeddable":true,"href":"https:\/\/linitiative.ca\/International\/wp-json\/wp\/v2\/categories?post=118629"},{"taxonomy":"post_tag","embeddable":true,"href":"https:\/\/linitiative.ca\/International\/wp-json\/wp\/v2\/tags?post=118629"}],"curies":[{"name":"wp","href":"https:\/\/api.w.org\/{rel}","templated":true}]}}