{"id":118630,"date":"2021-06-15T15:14:32","date_gmt":"2021-06-15T19:14:32","guid":{"rendered":"https:\/\/linitiative.ca\/International\/international-liverpool-les-reds-annoncent-une-prolongation-de-contrat\/"},"modified":"2021-06-15T15:14:32","modified_gmt":"2021-06-15T19:14:32","slug":"international-liverpool-les-reds-annoncent-une-prolongation-de-contrat","status":"publish","type":"post","link":"https:\/\/linitiative.ca\/International\/international-liverpool-les-reds-annoncent-une-prolongation-de-contrat\/","title":{"rendered":"International : Liverpool : Les Reds annoncent une prolongation de contrat"},"content":{"rendered":"<div readability=\"32\">\n<p>Auteur : <span class=\"time\">mardi 15 juin 2021 14:15<\/span><\/p>\n<\/div>\n<div id=\"post_core\" readability=\"39\">\n<p>Selon Les-Transferts, les Reds ont trouv\u00e9 un accord avec leur gardien de but, Adrian. Arriv\u00e9 en 2019 en provenance de West Ham, le portier espagnol de 34 ans sera donc encore la doublire d\u2019Alisson la saison prochaine. Cette saison, le natif de Seville a r\u00e9alis\u00e9 trois clean sheets en 6 rencontres toutes comp\u00e9titions confondues.<\/p>\n<p><strong>Publi\u00e9 dans :<\/strong> <span>liverpool<\/span><\/p>\n<\/div>\n<p>Auteur:<br \/>\n<a href=\"http:\/\/www.lebuteur.com\/article\/detail?titre=liverpool-les-reds-annoncent-une-prolongation-de-contrat&#038;id=100381&#038;utm_source=feedburner&#038;utm_medium=feed&#038;utm_campaign=Feed%3A+GalerieFArtciles+%28Les+derniers+articles++-+lebuteur.com%29\">Cliquez ici pour lire l&rsquo;article depuis sa source.<\/a><\/p>\n","protected":false},"excerpt":{"rendered":"<p>Auteur : mardi 15 juin 2021 14:15 Selon Les-Transferts, les Reds ont trouv\u00e9 un accord avec leur gardien de but, Adrian. Arriv\u00e9 en 2019 en provenance de West Ham, le portier espagnol de 34 ans sera donc encore la doublire d\u2019Alisson la saison prochaine. Cette saison, le natif de Seville a r\u00e9alis\u00e9 trois clean sheets [&hellip;]<\/p>\n","protected":false},"author":1738,"featured_media":0,"comment_status":"closed","ping_status":"closed","sticky":false,"template":"","format":"standard","meta":{"fifu_image_url":"\/\/cdn.lebuteur.com\/data\/images\/article\/thumbs\/large-liverpool-les-reds-annoncent-une-prolongation-de-contrat-7edab.jpg","fifu_image_alt":"International : Liverpool : Les Reds annoncent une prolongation de contrat","footnotes":""},"categories":[53,75],"tags":[],"class_list":["post-118630","post","type-post","status-publish","format-standard","hentry","category-algerie","category-sport"],"_links":{"self":[{"href":"https:\/\/linitiative.ca\/International\/wp-json\/wp\/v2\/posts\/118630","targetHints":{"allow":["GET"]}}],"collection":[{"href":"https:\/\/linitiative.ca\/International\/wp-json\/wp\/v2\/posts"}],"about":[{"href":"https:\/\/linitiative.ca\/International\/wp-json\/wp\/v2\/types\/post"}],"author":[{"embeddable":true,"href":"https:\/\/linitiative.ca\/International\/wp-json\/wp\/v2\/users\/1738"}],"replies":[{"embeddable":true,"href":"https:\/\/linitiative.ca\/International\/wp-json\/wp\/v2\/comments?post=118630"}],"version-history":[{"count":0,"href":"https:\/\/linitiative.ca\/International\/wp-json\/wp\/v2\/posts\/118630\/revisions"}],"wp:attachment":[{"href":"https:\/\/linitiative.ca\/International\/wp-json\/wp\/v2\/media?parent=118630"}],"wp:term":[{"taxonomy":"category","embeddable":true,"href":"https:\/\/linitiative.ca\/International\/wp-json\/wp\/v2\/categories?post=118630"},{"taxonomy":"post_tag","embeddable":true,"href":"https:\/\/linitiative.ca\/International\/wp-json\/wp\/v2\/tags?post=118630"}],"curies":[{"name":"wp","href":"https:\/\/api.w.org\/{rel}","templated":true}]}}