{"id":118631,"date":"2021-06-15T15:14:34","date_gmt":"2021-06-15T19:14:34","guid":{"rendered":"https:\/\/linitiative.ca\/International\/international-bayern-un-cador-de-serie-a-attentive-a-la-situation-de-tolisso\/"},"modified":"2021-06-15T15:14:34","modified_gmt":"2021-06-15T19:14:34","slug":"international-bayern-un-cador-de-serie-a-attentive-a-la-situation-de-tolisso","status":"publish","type":"post","link":"https:\/\/linitiative.ca\/International\/international-bayern-un-cador-de-serie-a-attentive-a-la-situation-de-tolisso\/","title":{"rendered":"International : Bayern : Un cador de Serie A attentive \u00e0 la situation de Tolisso ?"},"content":{"rendered":"<div readability=\"32\">\n<p>Auteur : <span class=\"time\">mardi 15 juin 2021 15:00<\/span><\/p>\n<\/div>\n<div id=\"post_core\" readability=\"49\">\n<p>Selon Topmercato, Corentin Tolisso pourrait bient\u00f4t \u00eatre l\u2019objet d\u2019une proposition \u00e9manant de la Juventus de Turin, laquelle appr\u00e9cierait son profil. Il ne serait toutefois pas la priorit\u00e9 des Italiens, lesquels lui pr\u00e9f\u00e9reraient Manuel Locatelli, le joueur de Sassuolo.<\/p>\n<p>Sous contrat jusqu\u2019en juin 2022, Corentin Tolisso n\u2019a disput\u00e9 que 24 matchs, toutes comp\u00e9titions confondues, cette saison. Il a tout de m\u00eame \u00e9t\u00e9 retenu par Didier Deschamps pour participer \u00e0 l\u2019Euro et pourrait prendre part \u00e0\u00a0la rencontre France-Allemagne, ce soir, \u00e0 Munich.<\/p>\n<p><strong>Publi\u00e9 dans :<\/strong> <span>Tolisso<\/span> <span>Bayern Munich : Juventus<\/span><\/p>\n<\/div>\n<p>Auteur:<br \/>\n<a href=\"http:\/\/www.lebuteur.com\/article\/detail?titre=bayern-un-cador-de-serie-a-attentive-a-la-situation-de-tolisso&#038;id=100382&#038;utm_source=feedburner&#038;utm_medium=feed&#038;utm_campaign=Feed%3A+GalerieFArtciles+%28Les+derniers+articles++-+lebuteur.com%29\">Cliquez ici pour lire l&rsquo;article depuis sa source.<\/a><\/p>\n","protected":false},"excerpt":{"rendered":"<p>Auteur : mardi 15 juin 2021 15:00 Selon Topmercato, Corentin Tolisso pourrait bient\u00f4t \u00eatre l\u2019objet d\u2019une proposition \u00e9manant de la Juventus de Turin, laquelle appr\u00e9cierait son profil. Il ne serait toutefois pas la priorit\u00e9 des Italiens, lesquels lui pr\u00e9f\u00e9reraient Manuel Locatelli, le joueur de Sassuolo. Sous contrat jusqu\u2019en juin 2022, Corentin Tolisso n\u2019a disput\u00e9 que [&hellip;]<\/p>\n","protected":false},"author":1738,"featured_media":0,"comment_status":"closed","ping_status":"closed","sticky":false,"template":"","format":"standard","meta":{"fifu_image_url":"\/\/cdn.lebuteur.com\/data\/images\/article\/thumbs\/large-bayern-un-cador-de-serie-a-attentive-a-la-situation-de-tolisso-7f5b4.jpg","fifu_image_alt":"International : Bayern : Un cador de Serie A attentive \u00e0 la situation de Tolisso ?","footnotes":""},"categories":[53,75],"tags":[],"class_list":["post-118631","post","type-post","status-publish","format-standard","hentry","category-algerie","category-sport"],"_links":{"self":[{"href":"https:\/\/linitiative.ca\/International\/wp-json\/wp\/v2\/posts\/118631","targetHints":{"allow":["GET"]}}],"collection":[{"href":"https:\/\/linitiative.ca\/International\/wp-json\/wp\/v2\/posts"}],"about":[{"href":"https:\/\/linitiative.ca\/International\/wp-json\/wp\/v2\/types\/post"}],"author":[{"embeddable":true,"href":"https:\/\/linitiative.ca\/International\/wp-json\/wp\/v2\/users\/1738"}],"replies":[{"embeddable":true,"href":"https:\/\/linitiative.ca\/International\/wp-json\/wp\/v2\/comments?post=118631"}],"version-history":[{"count":0,"href":"https:\/\/linitiative.ca\/International\/wp-json\/wp\/v2\/posts\/118631\/revisions"}],"wp:attachment":[{"href":"https:\/\/linitiative.ca\/International\/wp-json\/wp\/v2\/media?parent=118631"}],"wp:term":[{"taxonomy":"category","embeddable":true,"href":"https:\/\/linitiative.ca\/International\/wp-json\/wp\/v2\/categories?post=118631"},{"taxonomy":"post_tag","embeddable":true,"href":"https:\/\/linitiative.ca\/International\/wp-json\/wp\/v2\/tags?post=118631"}],"curies":[{"name":"wp","href":"https:\/\/api.w.org\/{rel}","templated":true}]}}