{"id":118632,"date":"2021-06-15T15:14:36","date_gmt":"2021-06-15T19:14:36","guid":{"rendered":"https:\/\/linitiative.ca\/International\/equipe-dalgerie-bougherra-les-joueurs-locaux-ont-ressenti-le-lien-avec-lequipe-a\/"},"modified":"2021-06-15T15:14:36","modified_gmt":"2021-06-15T19:14:36","slug":"equipe-dalgerie-bougherra-les-joueurs-locaux-ont-ressenti-le-lien-avec-lequipe-a","status":"publish","type":"post","link":"https:\/\/linitiative.ca\/International\/equipe-dalgerie-bougherra-les-joueurs-locaux-ont-ressenti-le-lien-avec-lequipe-a\/","title":{"rendered":"Equipe d&rsquo;Alg\u00e9rie : Bougherra: \u00ab\u00a0Les joueurs locaux ont ressenti le lien avec l&rsquo;\u00e9quipe A\u00a0\u00bb"},"content":{"rendered":"<div readability=\"32\">\n<p>Auteur : <span>APS<\/span> <span class=\"time\">mardi 15 juin 2021 16:09<\/span><\/p>\n<\/div>\n<div id=\"post_core\" readability=\"108\">\n<p>Le s\u00e9lectionneur de l&rsquo;\u00e9quipe alg\u00e9rienne A&rsquo; de football, compos\u00e9e de joueurs locaux, Madjid Bougherra, a indiqu\u00e9 que ces derniers savaient qu&rsquo;ils ont un lien avec la s\u00e9lection premi\u00e8re, soulignant que les deux \u00e9quipes ne font qu&rsquo;une. \u00ab\u00a0Les joueurs ont ressenti le lien entre les A et les A&rsquo;. Les deux s\u00e9lections ne forment qu&rsquo;une seule et m\u00eame \u00e9quipe. Nous avons la chance d\u2019avoir le staff des A, d&rsquo;avoir Djamel Belmadi qui observe les entra\u00eenements et est tr\u00e8s attentif au comportement de l&rsquo;\u00e9quipe. Les joueurs ressentent qu\u2019ils sont dans le m\u00eame projet que l\u2019\u00e9quipe A\u00a0\u00bb, a indiqu\u00e9 Bougherra dans un entretien accord\u00e9 au site de la F\u00e9d\u00e9ration alg\u00e9rienne (FAF). Une ann\u00e9e apr\u00e8s sa d\u00e9signation \u00e0 la t\u00eate de la s\u00e9lection A&rsquo;, Madjid Bougherra a fait ses grands d\u00e9buts, \u00e0 l&rsquo;occasion du premier stage, entam\u00e9 dimanche et qui s&rsquo;\u00e9talera jusqu&rsquo;au 17 juin, ponctu\u00e9 par un test amical jeudi face au Liberia A, au nouveau stade d&rsquo;Oran (20h45). \u00ab\u00a0Cela fait bien longtemps que j&rsquo;attendais ce premier stage. Ca a \u00e9t\u00e9 une ann\u00e9e compliqu\u00e9e avec la Covid-19, un championnat d&rsquo;Alg\u00e9rie qui d\u00e9bute en novembre, des matches tous les trois jours sans m\u00eame compter les comp\u00e9titions africaines. Par cons\u00e9quent, je laisse le temps aux joueurs de bien se pr\u00e9parer, de prendre le rythme sans les perturber. Nous avons r\u00e9ussi \u00e0 faire ce premier stage en d\u00e9pit du fait que la saison ne soit toujours pas termin\u00e9e, elle qui pourrait s&rsquo;achever en ao\u00fbt\u00a0\u00bb, a-t-il ajout\u00e9. Interrog\u00e9 sur les crit\u00e8res de s\u00e9lection ayant d\u00e9bouch\u00e9 sur la convocation de 23 joueurs pour ce premier stage, l&rsquo;ancien capitaine des \u00ab\u00a0Verts\u00a0\u00bb a estim\u00e9 qu&rsquo;il avait pris tout son temps, soulignant que le groupe est \u00ab\u00a0un mix de joueurs d\u2019exp\u00e9rience et de beaucoup de jeunes\u00a0\u00bb. \u00ab\u00a0J&rsquo;ai eu plus de 8 mois pour observer les joueurs, donc j&rsquo;ai pris mon temps. Pour certains, quelques d\u00e9rogations ont \u00e9t\u00e9 accord\u00e9es. J&rsquo;ai ainsi donn\u00e9 l&rsquo;opportunit\u00e9 aux joueurs de la JS Kabylie de se consacrer \u00e0 leur demi-finale de Coupe de la Conf\u00e9d\u00e9ration. Je pars sur un projet, le CHAN-2023, tout en pensant aussi \u00e0 la Coupe arabe. Cette s\u00e9lection est ainsi un mix de joueurs d\u2019exp\u00e9rience qui font une tr\u00e8s belle saison comme Amir Sayoud, et de beaucoup de jeunes. Je suis content de voir des joueurs dont l\u2019\u00e2ge est compris entre 18 et 23 ans \u00eatre titulaires en Ligue 1. Il ne faut pas non plus se mentir : les A&rsquo; sont la r\u00e9serve de l&rsquo;\u00e9quipe nationale A, et nous sommes sur un projet \u00e0 court, moyen ou long terme avec eux\u00a0\u00bb, a expliqu\u00e9 Bougherra. Et d&rsquo;encha\u00eener : \u00ab\u00a0L&rsquo;objectif de ce stage est r\u00e9ellement de confirmer mes observations mais aussi de mettre mes joueurs dans un contexte de haute exigence de notre part. Nous allons \u00e9voluer au niveau international et, \u00e0 travers les exigences que nous leur fixons, nous allons pouvoir voir comment les joueurs r\u00e9agissent. Ces d\u00e9tails sont importants pour moi mais aussi, et surtout, pour eux. C&rsquo;est le meilleur moyen pour eux de passer un palier\u00a0\u00bb.<\/p>\n<p>\u00ab\u00a0Nous devons gagner face au Liberia\u00a0\u00bb<\/p>\n<p>Alors qu&rsquo;ils devaient affronter le Burundi, les co\u00e9quipiers de Mouad Hadded (MC Alger) croiseront le fer finalement avec la s\u00e9lection premi\u00e8re du Liberia, qui \u00e9tait en stage en Tunisie. Bougherra a relev\u00e9 l&rsquo;importance de s&rsquo;imposer dans cette premi\u00e8re rencontre sous sa coupe, au tout nouveau stade d&rsquo;Oran. \u00ab\u00a0Les images du stade d\u2019Oran montrent que c&rsquo;est d\u00e9sormais un stade magnifique, avec une pelouse exceptionnelle. C&rsquo;est magnifique pour nous, bien s\u00fbr. Je sais pour quelle raison le stade a \u00e9t\u00e9 construit et j\u2019esp\u00e8re que nous allons r\u00e9ussir les Jeux m\u00e9diterran\u00e9ens. A l\u2019avenir, nous pouvons et nous devons esp\u00e9rer recevoir beaucoup de comp\u00e9titions comme la CAN ou mieux encore. En tout cas, de notre c\u00f4t\u00e9, nous devons gagner ce match, et nous serons \u00e0 la hauteur\u00a0\u00bb. Concernant l&rsquo;adversaire du jour, Bougherra a relev\u00e9 la difficult\u00e9 rencontr\u00e9e pour trouver un sparring-partner, d&rsquo;autant que la date du match est en dehors du calendrier de la F\u00e9d\u00e9ration internationale (Fifa). \u00ab\u00a0Il \u00e9tait difficile de trouver un adversaire dans le contexte actuel, en dehors des dates Fifa. Nous avions finalis\u00e9 avec le Burundi mais en raison de probl\u00e8mes logistiques, la rencontre a \u00e9t\u00e9 annul\u00e9e. Nous \u00e9tions \u00e0 Tunis et le promoteur nous a propos\u00e9 le Liberia, une \u00e9quipe A qui \u00e9tait d\u00e9j\u00e0 sur place. C\u2019est, dans un premier lieu, moins co\u00fbteux que de ramener une \u00e9quipe de l\u2019\u00e9tranger. De plus, c&rsquo;est une bonne \u00e9quipe, qui a d\u00e9j\u00e0 crois\u00e9 l&rsquo;Egypte, que nous allons affronter en Coupe arabe. Le fait d\u2019affronter une A, de jouer \u00e0 Oran, d&rsquo;avoir l\u2019opportunit\u00e9 de faire l\u2019inauguration du stade, c&rsquo;est magnifique, m\u00eame pour les joueurs. Ils sont donc tr\u00e8s motiv\u00e9s\u00a0\u00bb. Pour Bougherra, ce match va lui permettre de jauger les qualit\u00e9s de ses joueurs, notamment sur un plan purement tactique. \u00ab\u00a0Je regarde ce qu\u2019apporte un joueur \u00e0 son poste, quel que soit son gabarit. Nous ne sommes pas comparables \u00e0 certaines \u00e9quipes d\u2019Afrique en termes de gabarit, certes, mais nos profils sont tr\u00e8s int\u00e9ressants dans tout ce qui peut \u00eatre possession de balle, pressing&#8230; Pour les coups de pied arr\u00eat\u00e9s, ce n\u2019est certes pas une plus-value mais non, le gabarit n\u2019est pas un crit\u00e8re\u00a0\u00bb, a-t-il conclu. Le d\u00e9part pour la ville d&rsquo;Oran est pr\u00e9vu mercredi dans la matin\u00e9e, avec la programmation d\u2019une s\u00e9ance d\u2019entra\u00eenement \u00e0 18h30 sur la pelouse du nouveau stade d&rsquo;Oran. Pour rappel, ce premier regroupement des joueurs locaux s&rsquo;inscrit dans le cadre de la pr\u00e9paration de la s\u00e9lection nationale en pr\u00e9vision de la Coupe arabe des nations de la Fifa Qatar-2021, pr\u00e9vue du 30 novembre au 18 d\u00e9cembre prochains. L&rsquo;Alg\u00e9rie \u00e9voluera dans le groupe D avec l&rsquo;Egypte et les vainqueurs des matchs : Liban-Djibouti et Libye-Soudan.<\/p>\n<p><strong>Publi\u00e9 dans :<\/strong> <span>bougherra<\/span><\/p>\n<\/div>\n<p>Auteur:<br \/>\n<a href=\"http:\/\/www.lebuteur.com\/article\/detail?titre=bougherra-les-joueurs-locaux-ont-ressenti-le-lien-avec-lequipe-a&#038;id=100383&#038;utm_source=feedburner&#038;utm_medium=feed&#038;utm_campaign=Feed%3A+GalerieFArtciles+%28Les+derniers+articles++-+lebuteur.com%29\">Cliquez ici pour lire l&rsquo;article depuis sa source.<\/a><\/p>\n","protected":false},"excerpt":{"rendered":"<p>Auteur : APS mardi 15 juin 2021 16:09 Le s\u00e9lectionneur de l&rsquo;\u00e9quipe alg\u00e9rienne A&rsquo; de football, compos\u00e9e de joueurs locaux, Madjid Bougherra, a indiqu\u00e9 que ces derniers savaient qu&rsquo;ils ont un lien avec la s\u00e9lection premi\u00e8re, soulignant que les deux \u00e9quipes ne font qu&rsquo;une. \u00ab\u00a0Les joueurs ont ressenti le lien entre les A et les [&hellip;]<\/p>\n","protected":false},"author":1738,"featured_media":0,"comment_status":"closed","ping_status":"closed","sticky":false,"template":"","format":"standard","meta":{"fifu_image_url":"\/\/cdn.lebuteur.com\/data\/images\/article\/thumbs\/large-bougherra-les-joueurs-locaux-ont-ressenti-le-lien-avec-lequipe-a-c3985.jpg","fifu_image_alt":"Equipe d'Alg\u00e9rie : Bougherra: \"Les joueurs locaux ont ressenti le lien avec l'\u00e9quipe A\"","footnotes":""},"categories":[53,75],"tags":[],"class_list":["post-118632","post","type-post","status-publish","format-standard","hentry","category-algerie","category-sport"],"_links":{"self":[{"href":"https:\/\/linitiative.ca\/International\/wp-json\/wp\/v2\/posts\/118632","targetHints":{"allow":["GET"]}}],"collection":[{"href":"https:\/\/linitiative.ca\/International\/wp-json\/wp\/v2\/posts"}],"about":[{"href":"https:\/\/linitiative.ca\/International\/wp-json\/wp\/v2\/types\/post"}],"author":[{"embeddable":true,"href":"https:\/\/linitiative.ca\/International\/wp-json\/wp\/v2\/users\/1738"}],"replies":[{"embeddable":true,"href":"https:\/\/linitiative.ca\/International\/wp-json\/wp\/v2\/comments?post=118632"}],"version-history":[{"count":0,"href":"https:\/\/linitiative.ca\/International\/wp-json\/wp\/v2\/posts\/118632\/revisions"}],"wp:attachment":[{"href":"https:\/\/linitiative.ca\/International\/wp-json\/wp\/v2\/media?parent=118632"}],"wp:term":[{"taxonomy":"category","embeddable":true,"href":"https:\/\/linitiative.ca\/International\/wp-json\/wp\/v2\/categories?post=118632"},{"taxonomy":"post_tag","embeddable":true,"href":"https:\/\/linitiative.ca\/International\/wp-json\/wp\/v2\/tags?post=118632"}],"curies":[{"name":"wp","href":"https:\/\/api.w.org\/{rel}","templated":true}]}}