{"id":118634,"date":"2021-06-15T05:46:05","date_gmt":"2021-06-15T09:46:05","guid":{"rendered":"https:\/\/linitiative.ca\/International\/le-retrait-daccreditation-de-france-24-des-ong-condamnent\/"},"modified":"2021-06-15T05:46:05","modified_gmt":"2021-06-15T09:46:05","slug":"le-retrait-daccreditation-de-france-24-des-ong-condamnent","status":"publish","type":"post","link":"https:\/\/linitiative.ca\/International\/le-retrait-daccreditation-de-france-24-des-ong-condamnent\/","title":{"rendered":"Le retrait d\u2019accr\u00e9ditation de France 24 : Des ONG condamnent"},"content":{"rendered":"<h4 class=\"title-14\"\/>\n<div class=\"featured_image\"><img loading=\"lazy\" decoding=\"async\" width=\"529\" height=\"296\" src=\"https:\/\/www.elwatan.com\/wp-content\/uploads\/2021\/06\/france-24.gif\" class=\"attachment-post-thumbnail size-post-thumbnail wp-post-image\" alt=\"\"\/> <span class=\"featured-image-caption\">Photo : D. R.<\/span><\/div>\n<p class=\"p4\"><span class=\"s3\"><strong>L<\/strong><\/span><span class=\"s4\">a d\u00e9cision de retrait de l\u2019accr\u00e9ditation \u00e0 la cha\u00eene d\u2019information fran\u00e7aise France24 a \u00e9t\u00e9 \u00abcondamn\u00e9e\u00bb, hier, par deux organisations de journalistes. <em>\u00abC\u2019est une catastrophe\u00bb<\/em> et <em>\u00abune nouvelle extr\u00eamement inqui\u00e9tante\u00bb,<\/em> a estim\u00e9 le secr\u00e9taire g\u00e9n\u00e9ral de la F\u00e9d\u00e9ration internationale des journalistes (FIJ), Anthony Bellanger, interrog\u00e9 par l\u2019AFP.<\/span><\/p>\n<p class=\"p4\"><span class=\"s4\">L\u2019ONG Reporters sans<span class=\"Apple-converted-space\">\u00a0<\/span> fronti\u00e8res (RSF) s\u2019est inqui\u00e9t\u00e9e sur Twitter <em>\u00abde la s\u00e9v\u00e9rit\u00e9 et du caract\u00e8re arbitraire de cette mesure qui sans nul doute aura un effet dissuasif sur d\u2019autres m\u00e9dias internationaux\u00bb<\/em>.<\/span><\/p>\n<p class=\"p4\"><span class=\"s4\">De son c\u00f4t\u00e9, la diplomatie fran\u00e7aise a <em>\u00abregrett\u00e9\u00bb<\/em> la d\u00e9cision d\u2019Alger<span class=\"Apple-converted-space\">\u00a0<\/span> de retirer son accr\u00e9ditation \u00e0 la cha\u00eene d\u2019information en continu et rappelle son attachement \u00e0 la <em>\u00ablibert\u00e9 de la presse\u00bb<\/em>.<\/span><\/p>\n<p class=\"p4\"><span class=\"s4\">Il est \u00e0<span class=\"Apple-converted-space\">\u00a0<\/span> pr\u00e9ciser que le minist\u00e8re de la Communication a d\u00e9cid\u00e9 dimanche de retirer l\u2019accr\u00e9ditation octroy\u00e9e \u00e0 la repr\u00e9sentation \u00e0 Alger de la cha\u00eene<span class=\"Apple-converted-space\">\u00a0<\/span> de t\u00e9l\u00e9vision d\u2019information fran\u00e7aise, a appris l\u2019APS aupr\u00e8s du ministre de la Communication, porte-parole du gouvernement, le P<sup>r<\/sup> Ammar Belhimer.<\/span><\/p>\n<p class=\"p4\"><span class=\"s4\">La m\u00eame source a affirm\u00e9 que ce retrait est motiv\u00e9 par <em>\u00abl\u2019hostilit\u00e9 manifeste et r\u00e9p\u00e9t\u00e9e contre notre pays et ses institutions, le non-respect des r\u00e8gles de la d\u00e9ontologie professionnelle, la d\u00e9sinformation et la manipulation ainsi qu\u2019une agressivit\u00e9 av\u00e9r\u00e9e \u00e0 l\u2019\u00e9gard de l\u2019Alg\u00e9rie\u00bb<\/em>.<\/span><\/p>\n<p class=\"p4\"><span class=\"s4\">La cha\u00eene d\u2019information s\u2019est dite dimanche \u00e9tonn\u00e9e <em>\u00abde ne pas avoir re\u00e7u d\u2019explication\u00bb<\/em> sur ce retrait. <em>\u00abNotre couverture de l\u2019actualit\u00e9 alg\u00e9rienne se fait dans la transparence, l\u2019ind\u00e9pendance et l\u2019honn\u00eatet\u00e9\u00bb<\/em>, a-elle d\u00e9clar\u00e9 dans un message lu \u00e0 l\u2019antenne,\u00a0rapporte l\u2019AFP.\u00a0<\/span><\/p>\n<p><span class=\"post-views-label\">Post Views:<\/span> <span class=\"post-views-count\">1\u00a0220<\/span><\/p>\n<p><br class=\"c2\"\/><\/p>\n<div class=\"ichhar-moneytagnative c4\" id=\"ichhar-1164710261\">\n<p>Advertisements<\/p>\n<\/div>\n<p><br class=\"c2\"\/><br \/>\n<br class=\"c5\"\/><\/p>\n<p>Auteur: Anis Khecheba<br \/>\n<a href=\"https:\/\/www.elwatan.com\/edition\/actualite\/des-ong-condamnent-15-06-2021\">Cliquez ici pour lire l&rsquo;article depuis sa source.<\/a><\/p>\n","protected":false},"excerpt":{"rendered":"<p>Photo : D. R. La d\u00e9cision de retrait de l\u2019accr\u00e9ditation \u00e0 la cha\u00eene d\u2019information fran\u00e7aise France24 a \u00e9t\u00e9 \u00abcondamn\u00e9e\u00bb, hier, par deux organisations de journalistes. \u00abC\u2019est une catastrophe\u00bb et \u00abune nouvelle extr\u00eamement inqui\u00e9tante\u00bb, a estim\u00e9 le secr\u00e9taire g\u00e9n\u00e9ral de la F\u00e9d\u00e9ration internationale des journalistes (FIJ), Anthony Bellanger, interrog\u00e9 par l\u2019AFP. L\u2019ONG Reporters sans\u00a0 fronti\u00e8res (RSF) [&hellip;]<\/p>\n","protected":false},"author":1743,"featured_media":0,"comment_status":"closed","ping_status":"closed","sticky":false,"template":"","format":"standard","meta":{"fifu_image_url":"https:\/\/www.elwatan.com\/wp-content\/uploads\/2021\/06\/france-24.gif","fifu_image_alt":"Le retrait d\u2019accr\u00e9ditation de France 24 : Des ONG condamnent","footnotes":""},"categories":[73,53],"tags":[],"class_list":["post-118634","post","type-post","status-publish","format-standard","hentry","category-actualite","category-algerie"],"_links":{"self":[{"href":"https:\/\/linitiative.ca\/International\/wp-json\/wp\/v2\/posts\/118634","targetHints":{"allow":["GET"]}}],"collection":[{"href":"https:\/\/linitiative.ca\/International\/wp-json\/wp\/v2\/posts"}],"about":[{"href":"https:\/\/linitiative.ca\/International\/wp-json\/wp\/v2\/types\/post"}],"author":[{"embeddable":true,"href":"https:\/\/linitiative.ca\/International\/wp-json\/wp\/v2\/users\/1743"}],"replies":[{"embeddable":true,"href":"https:\/\/linitiative.ca\/International\/wp-json\/wp\/v2\/comments?post=118634"}],"version-history":[{"count":0,"href":"https:\/\/linitiative.ca\/International\/wp-json\/wp\/v2\/posts\/118634\/revisions"}],"wp:attachment":[{"href":"https:\/\/linitiative.ca\/International\/wp-json\/wp\/v2\/media?parent=118634"}],"wp:term":[{"taxonomy":"category","embeddable":true,"href":"https:\/\/linitiative.ca\/International\/wp-json\/wp\/v2\/categories?post=118634"},{"taxonomy":"post_tag","embeddable":true,"href":"https:\/\/linitiative.ca\/International\/wp-json\/wp\/v2\/tags?post=118634"}],"curies":[{"name":"wp","href":"https:\/\/api.w.org\/{rel}","templated":true}]}}