{"id":118639,"date":"2021-06-15T04:47:00","date_gmt":"2021-06-15T08:47:00","guid":{"rendered":"https:\/\/linitiative.ca\/International\/bna-bank-nejia-gharbi-presidente-du-conseil-dadministration-et-mondher-lakhal-directeur-general\/"},"modified":"2021-06-15T04:47:00","modified_gmt":"2021-06-15T08:47:00","slug":"bna-bank-nejia-gharbi-presidente-du-conseil-dadministration-et-mondher-lakhal-directeur-general","status":"publish","type":"post","link":"https:\/\/linitiative.ca\/International\/bna-bank-nejia-gharbi-presidente-du-conseil-dadministration-et-mondher-lakhal-directeur-general\/","title":{"rendered":"BNA Bank: Nejia Gharbi Pr\u00e9sidente du conseil d\u2019administration et Mondher Lakhal Directeur g\u00e9n\u00e9ral"},"content":{"rendered":"<p><span class=\"c2\"><strong>Pr\u00e9sidente du conseil d\u2019administration: <a href=\"https:\/\/www.leaders.com.tn\/article\/31898-nejia-gharbi\" target=\"_blank\" rel=\"noopener\">Nejia Gharbi<\/a><\/strong><\/span><\/p>\n<p>Elle change de banque, tout en restant \u00e0 la Caisse des d\u00e9p\u00f4ts et consignations o\u00f9 elle est directrice g\u00e9n\u00e9rale adjointe. <a href=\"https:\/\/www.leaders.com.tn\/article\/31898-nejia-gharbi\" target=\"_blank\" rel=\"noopener\">Nejia Gharbi<\/a> ne sera pas d\u00e9pays\u00e9e. Pr\u00e9sidente du conseil d\u2019administration de la STB pendant six ans durant deux mandats successifs (2015-2017 et 2018-2020) et ayant \u00e9t\u00e9 administrateur d\u00e9l\u00e9gu\u00e9e lors du premier trimestre 2021, en attendant la nomination du nouveau directeur g\u00e9n\u00e9ral, elle n\u2019a eu qu\u2019\u00e0 franchir la chauss\u00e9e pour passer \u00e0 la BNA. Nomm\u00e9e pr\u00e9sidente du conseil d\u2019administration, son mandat court jusqu\u2019en 2023.<\/p>\n<p>Gestionnaire (FSEG de Tunis, 1987) et \u00e9narque (dipl\u00f4m\u00e9e du cycle sup\u00e9rieur en 1991), Mme Gharbi aligne une longue carri\u00e8re dans la haute fonction publique. Mettant le pied \u00e0 l\u2019\u00e9trier, elle rejoindra tout naturellement le Contr\u00f4le g\u00e9n\u00e9ral des services publics (Premier minist\u00e8re), avant d\u2019\u00eatre charg\u00e9e pendant 8 ans de la gestion administrative et financi\u00e8re du projet de gestion et valorisation du patrimoine culturel, financ\u00e9 par la Banque mondiale. Elle sera par la suite nomm\u00e9e contr\u00f4leur d\u2019Etat charg\u00e9e du secteur Phosphate, engrais et transport des hydrocarbures, rattach\u00e9e au Premier minist\u00e8re pendant trois ans, puis secr\u00e9taire g\u00e9n\u00e9rale \u00e0 Tunisair (2012-2014), avant d\u2019\u00eatre nomm\u00e9e charg\u00e9e de mission au cabinet du Chef du gouvernement et directrice g\u00e9n\u00e9rale charg\u00e9e de l\u2019appui \u00e0 l\u2019investissement. Mme Gharbi sera nomm\u00e9e en avril 2018 DGA de la CDC.<\/p>\n<p><span class=\"c2\"><strong>Directeur g\u00e9n\u00e9ral: <a href=\"https:\/\/www.leaders.com.tn\/article\/31921-mondher-lakhal-directeur-general-de-la-bna-depuis-mars-2021\" target=\"_blank\" rel=\"noopener\">Mondher Lakhal<\/a><\/strong><\/span><\/p>\n<p>A 56 ans et plus de 26 ans d\u2019exp\u00e9rience bancaire au sein de la BNA, <a href=\"https:\/\/www.leaders.com.tn\/article\/31921-mondher-lakhal-directeur-general-de-la-bna-depuis-mars-2021\" target=\"_blank\" rel=\"noopener\">Mondher Lakhal<\/a> n\u2019a que quelques m\u00e8tres \u00e0 parcourir au 7e \u00e9tage du si\u00e8ge pour passer de son bureau de DGA \u00e0 celui de directeur g\u00e9n\u00e9ral. Il y succ\u00e8de \u00e0 Habib Ben Hadj Kouider, parti l\u2019\u00e9t\u00e9 dernier \u00e0 la retraite.<\/p>\n<p>Economiste, gestionnaire et financier, Mondher Lakhal illustre la r\u00e9ussite de la troisi\u00e8me g\u00e9n\u00e9ration de la banque. Issu d\u2019une famille originaire de Gab\u00e8s, il avait obtenu sa ma\u00eetrise en sciences \u00e9conomiques de gestion \u00e0 la FSEG (Sfax) en 1990 qui lui ouvrira par la suite les portes de la banque. Il r\u00e9ussira quelques ann\u00e9es apr\u00e8s son dipl\u00f4me de l\u2019Institut des techniques bancaires (ITB, Paris, 2002).<\/p>\n<p>Pour y avoir pratiqu\u00e9 tous ses recoins en 360\u00b0, il conna\u00eet parfaitement le groupe BNA, le march\u00e9 et le terrain. Son nouveau mandat s\u2019annonce de bon augure.<\/p>\n<p>Jusqu\u2019\u00e0 sa r\u00e9cente nomination en tant que directeur g\u00e9n\u00e9ral adjoint, Mondher Lakhal a \u00e9t\u00e9 notamment:<\/p>\n<p class=\"c4\"><span class=\"c3\"><strong>\u2022<\/strong><\/span> Directeur du p\u00f4le risques depuis ao\u00fbt 2017<\/p>\n<p class=\"c4\"><span class=\"c3\"><strong>\u2022<\/strong><\/span> Copr\u00e9sident du comit\u00e9 du cr\u00e9dit<\/p>\n<p class=\"c4\"><span class=\"c3\"><strong>\u2022<\/strong><\/span> Pr\u00e9sident du conseil d\u2019administration des soci\u00e9t\u00e9s Essoukna et Placement obligataire SICAV<\/p>\n<p class=\"c4\"><span class=\"c3\"><strong>\u2022<\/strong><\/span> Directeur du projet notation interne<\/p>\n<p class=\"c4\"><span class=\"c3\"><strong>\u2022<\/strong><\/span> Ancien secr\u00e9taire du Conseil d\u2019administration de la BNA<\/p>\n<p class=\"c4\"><span class=\"c3\"><strong>\u2022<\/strong><\/span> Directeur central des \u00e9tudes et du contr\u00f4le de gestion (2014-2017)<\/p>\n<p class=\"c4\"><span class=\"c3\"><strong>\u2022<\/strong><\/span> Chef du d\u00e9partement Engagements commerciaux et industriels (2010-2014).<\/p>\n<p class=\"c4\"><span class=\"c3\"><strong>\u2022<\/strong><\/span> Chef de division groupes et grandes entreprises 2008.<\/p>\n<p><strong>Lire aussi<\/strong><\/p>\n<p><a href=\"https:\/\/www.leaders.com.tn\/article\/32027-nouvelle-gouvernance-de-ubci-hassine-doghri-president-du-conseil-d-administration-et-mohamed-koubaa-directeur-general\" target=\"_blank\" rel=\"noopener\">Nouvelle gouvernance de UBCI: Hassine Doghri Pr\u00e9sident du conseil d\u2019administration et Mohamed Koub\u00e2a Directeur g\u00e9n\u00e9ral<\/a><\/p>\n<p><a href=\"https:\/\/www.leaders.com.tn\/article\/32024-chedia-bichiou-directrice-generale-par-interim-de-bank-abc-tunisie-de-nouvelles-performances\" target=\"_blank\" rel=\"noopener\">Ch\u00e9dia Bichiou, Directrice g\u00e9n\u00e9rale par int\u00e9rim de Bank ABC Tunisie: De nouvelles performances<\/a><\/p>\n<p><a href=\"https:\/\/www.leaders.com.tn\/article\/32002-ahmed-el-karm-president-du-conseil-d-administration-de-tunisie-leasing-factoring-les-finances-et-l-art-en-passion\" target=\"_blank\" rel=\"noopener\">Ahmed El Karm, Pr\u00e9sident du conseil d\u2019administration de Tunisie Leasing &amp; Factoring: Les finances et l\u2019art en passion<\/a><\/p>\n<p><a href=\"https:\/\/www.leaders.com.tn\/article\/31994-banques-la-nouvelle-cartographie-en-tunisie\" target=\"_blank\" rel=\"noopener\">Banques : La nouvelle cartographie en Tunisie<\/a><\/p>\n<p>\u00a0<\/p>\n<p>Auteur:<br \/>\n<a href=\"https:\/\/www.leaders.com.tn\/article\/32032-bna-bank-nejia-gharbi-presidente-du-conseil-d-administration-et-mondher-lakhal-directeur-general\">Cliquez ici pour lire l&rsquo;article depuis sa source.<\/a><\/p>\n","protected":false},"excerpt":{"rendered":"<p>Pr\u00e9sidente du conseil d\u2019administration: Nejia Gharbi Elle change de banque, tout en restant \u00e0 la Caisse des d\u00e9p\u00f4ts et consignations o\u00f9 elle est directrice g\u00e9n\u00e9rale adjointe. Nejia Gharbi ne sera pas d\u00e9pays\u00e9e. Pr\u00e9sidente du conseil d\u2019administration de la STB pendant six ans durant deux mandats successifs (2015-2017 et 2018-2020) et ayant \u00e9t\u00e9 administrateur d\u00e9l\u00e9gu\u00e9e lors [&hellip;]<\/p>\n","protected":false},"author":1772,"featured_media":0,"comment_status":"closed","ping_status":"closed","sticky":false,"template":"","format":"standard","meta":{"fifu_image_url":"","fifu_image_alt":"","footnotes":""},"categories":[73,55],"tags":[],"class_list":["post-118639","post","type-post","status-publish","format-standard","hentry","category-actualite","category-tunisie"],"_links":{"self":[{"href":"https:\/\/linitiative.ca\/International\/wp-json\/wp\/v2\/posts\/118639","targetHints":{"allow":["GET"]}}],"collection":[{"href":"https:\/\/linitiative.ca\/International\/wp-json\/wp\/v2\/posts"}],"about":[{"href":"https:\/\/linitiative.ca\/International\/wp-json\/wp\/v2\/types\/post"}],"author":[{"embeddable":true,"href":"https:\/\/linitiative.ca\/International\/wp-json\/wp\/v2\/users\/1772"}],"replies":[{"embeddable":true,"href":"https:\/\/linitiative.ca\/International\/wp-json\/wp\/v2\/comments?post=118639"}],"version-history":[{"count":0,"href":"https:\/\/linitiative.ca\/International\/wp-json\/wp\/v2\/posts\/118639\/revisions"}],"wp:attachment":[{"href":"https:\/\/linitiative.ca\/International\/wp-json\/wp\/v2\/media?parent=118639"}],"wp:term":[{"taxonomy":"category","embeddable":true,"href":"https:\/\/linitiative.ca\/International\/wp-json\/wp\/v2\/categories?post=118639"},{"taxonomy":"post_tag","embeddable":true,"href":"https:\/\/linitiative.ca\/International\/wp-json\/wp\/v2\/tags?post=118639"}],"curies":[{"name":"wp","href":"https:\/\/api.w.org\/{rel}","templated":true}]}}