{"id":118642,"date":"2021-06-15T14:00:43","date_gmt":"2021-06-15T18:00:43","guid":{"rendered":"https:\/\/linitiative.ca\/International\/debut-imminent-de-la-construction-du-gazoduc-maroc-nigeria\/"},"modified":"2021-06-15T14:00:43","modified_gmt":"2021-06-15T18:00:43","slug":"debut-imminent-de-la-construction-du-gazoduc-maroc-nigeria","status":"publish","type":"post","link":"https:\/\/linitiative.ca\/International\/debut-imminent-de-la-construction-du-gazoduc-maroc-nigeria\/","title":{"rendered":"D\u00e9but imminent de la construction du gazoduc Maroc-Nig\u00e9ria"},"content":{"rendered":"<p><strong>Le gouvernement f\u00e9d\u00e9ral nig\u00e9rian s\u2019appr\u00eate \u00e0 construire le gazoduc reliant le Nigeria et le Maroc, a annonc\u00e9 Yusuf Usman, directeur g\u00e9n\u00e9ral de la Nigerian National Petroleum Corporation (NNPC).<\/strong><\/p>\n<div class=\"c10\">\n<\/div>\n<p>L\u2019Ex\u00e9cutif nig\u00e9rian a mis au point les plans de concr\u00e9tisation de ce projet d\u2019envergure, a pr\u00e9cis\u00e9 Yusuf Usman dans une interview au quotidien \u00ab\u00a0Nigerian News Direct\u00a0\u00bb. Il a rappel\u00e9 que la r\u00e9alisation de ce grand projet a \u00e9t\u00e9 concr\u00e9tis\u00e9e avec la signature d\u2019un accord entre le Maroc et le Nigeria lors d\u2019une c\u00e9r\u00e9monie sous la pr\u00e9sidence de S.M. le Roi Mohammed VI et du Pr\u00e9sident nig\u00e9rian Muhammadu Buhari.<\/p>\n<div id=\"div-gpt-ad-1623665508737-0\" class=\"c11\">\n<\/div>\n<p>Ce grand projet empruntera le trac\u00e9 du gazoduc ouest-africain et b\u00e9n\u00e9ficiera \u00e0 plusieurs pays du continent, a not\u00e9 Yusuf Usman. Certains de ces pays disposent de gisements de gaz dont la production sera inject\u00e9e dans le pipeline, tandis que les autres pays non producteurs de gaz en tireront profit \u00e0 des fins de d\u00e9veloppement, a-t-il expliqu\u00e9. \u00ab\u00a0S\u2019ils ne peuvent pas payer le gaz, ils peuvent obtenir de l\u2019\u00e9lectricit\u00e9\u00a0\u00bb, a-t-il sugg\u00e9r\u00e9. Il s\u2019agit d\u2019une nouvelle vision de d\u00e9veloppement qui est n\u00e9cessaire pour l\u2019Afrique, a soulign\u00e9 le responsable nig\u00e9rian.<\/p>\n<p><strong>Lire aussi | <a href=\"https:\/\/www.challenge.ma\/marhaba-2021-les-precisions-de-la-ram-sur-les-facilites-prevues-pour-le-dispositif-exceptionnel-au-profit-des-mre-188444\/\" target=\"_blank\" rel=\"noreferrer noopener\">Marhaba 2021. Les derni\u00e8res pr\u00e9cisions de RAM sur le dispositif exceptionnel au profit des MRE<\/a><\/strong><\/p>\n<p>Interrog\u00e9 sur le calendrier de r\u00e9alisation du gazoduc, il a pr\u00e9cis\u00e9 que l\u2019\u00e9tude de faisabilit\u00e9 est achev\u00e9e et la d\u00e9cision finale de financement est en cours de validation. Le Nigeria lancera dans la foul\u00e9e le plan directeur de la d\u00e9cennie du gaz pour consolider la viabilit\u00e9 de ce grand projet, a-t-il ajout\u00e9. Pour rappel, lanc\u00e9 en 2016 \u00e0 Abuja sous la pr\u00e9sidence de S.M. le Roi Mohammed VI et du pr\u00e9sident nig\u00e9rian Muhammadu Buhari, ce projet d\u2019envergure reliera les ressources gazi\u00e8res du Nigeria, celles de plusieurs pays d\u2019Afrique de l\u2019Ouest et le Maroc et favorisera ainsi l\u2019int\u00e9gration \u00e9conomique r\u00e9gionale.<\/p>\n<p><strong>Avec MAP<\/strong><\/p>\n<div id=\"div-gpt-ad-1623666116734-0\" class=\"c11\">\n<\/div>\n<p>Auteur: challenge<br \/>\n<a href=\"https:\/\/www.challenge.ma\/debut-imminent-de-la-construction-du-gazoduc-maroc-nigeria-188539\/\">Cliquez ici pour lire l&rsquo;article depuis sa source.<\/a><\/p>\n","protected":false},"excerpt":{"rendered":"<p>Le gouvernement f\u00e9d\u00e9ral nig\u00e9rian s\u2019appr\u00eate \u00e0 construire le gazoduc reliant le Nigeria et le Maroc, a annonc\u00e9 Yusuf Usman, directeur g\u00e9n\u00e9ral de la Nigerian National Petroleum Corporation (NNPC). L\u2019Ex\u00e9cutif nig\u00e9rian a mis au point les plans de concr\u00e9tisation de ce projet d\u2019envergure, a pr\u00e9cis\u00e9 Yusuf Usman dans une interview au quotidien \u00ab\u00a0Nigerian News Direct\u00a0\u00bb. Il [&hellip;]<\/p>\n","protected":false},"author":1787,"featured_media":0,"comment_status":"closed","ping_status":"closed","sticky":false,"template":"","format":"standard","meta":{"fifu_image_url":"","fifu_image_alt":"","footnotes":""},"categories":[78,54],"tags":[],"class_list":["post-118642","post","type-post","status-publish","format-standard","hentry","category-economie","category-maroc"],"_links":{"self":[{"href":"https:\/\/linitiative.ca\/International\/wp-json\/wp\/v2\/posts\/118642","targetHints":{"allow":["GET"]}}],"collection":[{"href":"https:\/\/linitiative.ca\/International\/wp-json\/wp\/v2\/posts"}],"about":[{"href":"https:\/\/linitiative.ca\/International\/wp-json\/wp\/v2\/types\/post"}],"author":[{"embeddable":true,"href":"https:\/\/linitiative.ca\/International\/wp-json\/wp\/v2\/users\/1787"}],"replies":[{"embeddable":true,"href":"https:\/\/linitiative.ca\/International\/wp-json\/wp\/v2\/comments?post=118642"}],"version-history":[{"count":0,"href":"https:\/\/linitiative.ca\/International\/wp-json\/wp\/v2\/posts\/118642\/revisions"}],"wp:attachment":[{"href":"https:\/\/linitiative.ca\/International\/wp-json\/wp\/v2\/media?parent=118642"}],"wp:term":[{"taxonomy":"category","embeddable":true,"href":"https:\/\/linitiative.ca\/International\/wp-json\/wp\/v2\/categories?post=118642"},{"taxonomy":"post_tag","embeddable":true,"href":"https:\/\/linitiative.ca\/International\/wp-json\/wp\/v2\/tags?post=118642"}],"curies":[{"name":"wp","href":"https:\/\/api.w.org\/{rel}","templated":true}]}}