{"id":118643,"date":"2021-06-15T15:52:57","date_gmt":"2021-06-15T19:52:57","guid":{"rendered":"https:\/\/linitiative.ca\/International\/ram-forte-affluence-des-mre-sur-les-agences-videos\/"},"modified":"2021-06-15T15:52:57","modified_gmt":"2021-06-15T19:52:57","slug":"ram-forte-affluence-des-mre-sur-les-agences-videos","status":"publish","type":"post","link":"https:\/\/linitiative.ca\/International\/ram-forte-affluence-des-mre-sur-les-agences-videos\/","title":{"rendered":"RAM : forte affluence des MRE sur les agences [Vid\u00e9os]"},"content":{"rendered":"<p><strong>D\u00e8s l\u2019annonce de la mise en place du dispositif \u00ab\u00a0exceptionnel\u00a0\u00bb mis en place par Royal Air Maroc (RAM) pour faciliter le d\u00e9placement des Marocains r\u00e9sidant \u00e0 l\u2019\u00e9tranger (MRE) en p\u00e9riode d\u2019\u00e9t\u00e9, ces derniers ont pris d\u2019assaut les agences de la compagnie nationale dans plusieurs villes europ\u00e9ennes, comme le montrent ces vid\u00e9os.<\/strong><\/p>\n<div class=\"c10\">\n<\/div>\n<p>Ainsi, la police de la zone Bruxelles-Capitale-Ixelles est intervenue ce mardi matin boulevard Emile Jacqmain, dans le centre de la capitale. En cause : un important attroupement de personnes devant l\u2019agence Royal Air Maroc, rapporte rtbf.be.<\/p>\n<div id=\"div-gpt-ad-1623665508737-0\" class=\"c11\">\n<\/div>\n<p>De dimanche \u00e0 lundi, environ 120.000 r\u00e9servations ont \u00e9t\u00e9 enregistr\u00e9es dans le cadre du dispositif exceptionnel, a annonc\u00e9 le pr\u00e9sident-directeur g\u00e9n\u00e9ral de la RAM, Abdelhamid Addou. La compagnie a ajout\u00e9 que plus de 70% de la capacit\u00e9 mise en place est encore disponible \u00e0 la vente.<\/p>\n<p><iframe loading=\"lazy\" src=\"https:\/\/www.facebook.com\/plugins\/post.php?href=https%3A%2F%2Fwww.facebook.com%2Fquartieralhambra%2Fposts%2F4074937282543831&amp;show_text=true&amp;width=500\" width=\"500\" height=\"793\" class=\"c12\" scrolling=\"no\" frameborder=\"0\" allowfullscreen=\"true\" allow=\"autoplay; clipboard-write; encrypted-media; picture-in-picture; web-share\">[embedded content]<\/iframe><\/p>\n<p><strong>Lire aussi | <a rel=\"noreferrer noopener\" href=\"https:\/\/www.challenge.ma\/debut-imminent-de-la-construction-du-gazoduc-maroc-nigeria-188539\/\" target=\"_blank\">D\u00e9but imminent de la construction du gazoduc Maroc-Nig\u00e9ria<\/a><\/strong><\/p>\n<figure class=\"wp-block-video\"><video controls=\"\" src=\"https:\/\/www.challenge.ma\/wp-content\/uploads\/2021\/06\/WhatsApp-Video-2021-06-15-at-19.55.35-1.mp4\"\/><\/figure>\n<figure class=\"wp-block-video\"><video controls=\"\" src=\"https:\/\/www.challenge.ma\/wp-content\/uploads\/2021\/06\/WhatsApp-Video-2021-06-15-at-19.55.35.mp4\"\/><\/figure>\n<figure class=\"wp-block-video\"><video controls=\"\" src=\"https:\/\/www.challenge.ma\/wp-content\/uploads\/2021\/06\/WhatsApp-Video-2021-06-15-at-19.55.36.mp4\"\/><\/figure>\n<figure class=\"wp-block-video\"><video controls=\"\" src=\"https:\/\/www.challenge.ma\/wp-content\/uploads\/2021\/06\/WhatsApp-Video-2021-06-15-at-20.00.48.mp4\"\/><\/figure>\n<div id=\"div-gpt-ad-1623666116734-0\" class=\"c11\">\n<\/div>\n<p>Auteur: challenge<br \/>\n<a href=\"https:\/\/www.challenge.ma\/ram-forte-affluence-des-mre-sur-les-agences-videos-188543\/\">Cliquez ici pour lire l&rsquo;article depuis sa source.<\/a><\/p>\n","protected":false},"excerpt":{"rendered":"<p>D\u00e8s l\u2019annonce de la mise en place du dispositif \u00ab\u00a0exceptionnel\u00a0\u00bb mis en place par Royal Air Maroc (RAM) pour faciliter le d\u00e9placement des Marocains r\u00e9sidant \u00e0 l\u2019\u00e9tranger (MRE) en p\u00e9riode d\u2019\u00e9t\u00e9, ces derniers ont pris d\u2019assaut les agences de la compagnie nationale dans plusieurs villes europ\u00e9ennes, comme le montrent ces vid\u00e9os. Ainsi, la police de [&hellip;]<\/p>\n","protected":false},"author":1787,"featured_media":0,"comment_status":"closed","ping_status":"closed","sticky":false,"template":"","format":"standard","meta":{"fifu_image_url":"","fifu_image_alt":"","footnotes":""},"categories":[78,54],"tags":[],"class_list":["post-118643","post","type-post","status-publish","format-standard","hentry","category-economie","category-maroc"],"_links":{"self":[{"href":"https:\/\/linitiative.ca\/International\/wp-json\/wp\/v2\/posts\/118643","targetHints":{"allow":["GET"]}}],"collection":[{"href":"https:\/\/linitiative.ca\/International\/wp-json\/wp\/v2\/posts"}],"about":[{"href":"https:\/\/linitiative.ca\/International\/wp-json\/wp\/v2\/types\/post"}],"author":[{"embeddable":true,"href":"https:\/\/linitiative.ca\/International\/wp-json\/wp\/v2\/users\/1787"}],"replies":[{"embeddable":true,"href":"https:\/\/linitiative.ca\/International\/wp-json\/wp\/v2\/comments?post=118643"}],"version-history":[{"count":0,"href":"https:\/\/linitiative.ca\/International\/wp-json\/wp\/v2\/posts\/118643\/revisions"}],"wp:attachment":[{"href":"https:\/\/linitiative.ca\/International\/wp-json\/wp\/v2\/media?parent=118643"}],"wp:term":[{"taxonomy":"category","embeddable":true,"href":"https:\/\/linitiative.ca\/International\/wp-json\/wp\/v2\/categories?post=118643"},{"taxonomy":"post_tag","embeddable":true,"href":"https:\/\/linitiative.ca\/International\/wp-json\/wp\/v2\/tags?post=118643"}],"curies":[{"name":"wp","href":"https:\/\/api.w.org\/{rel}","templated":true}]}}