{"id":118644,"date":"2021-06-15T16:49:07","date_gmt":"2021-06-15T20:49:07","guid":{"rendered":"https:\/\/linitiative.ca\/International\/quarantaine-des-voyageurs-17-villes-choisies\/"},"modified":"2021-06-15T16:49:07","modified_gmt":"2021-06-15T20:49:07","slug":"quarantaine-des-voyageurs-17-villes-choisies","status":"publish","type":"post","link":"https:\/\/linitiative.ca\/International\/quarantaine-des-voyageurs-17-villes-choisies\/","title":{"rendered":"Quarantaine des voyageurs : 17 villes choisies"},"content":{"rendered":"<p><strong>Contrairement aux voyageurs en provenance des pays de la liste A, ceux arrivant des pays de la liste B doivent pr\u00e9senter un test PCR n\u00e9gatif de moins de 48 heures de la date d\u2019entr\u00e9e au territoire national, puis se soumettre \u00e0 un isolement sanitaire de 10 jours. Par contre, ils ne sont plus oblig\u00e9s d\u2019obtenir des autorisations exceptionnelles avant de voyager.<\/strong><\/p>\n<div class=\"c10\">\n<\/div>\n<p>Concernant l\u2019isolement sanitaire, la ministre d\u00e9l\u00e9gu\u00e9e aux Affaires \u00e9trang\u00e8res, charg\u00e9e des Marocains r\u00e9sidant \u00e0 l\u2019\u00e9tranger, Nezha El Ouafi, a \u00e9num\u00e9r\u00e9 les 17 villes qui abriteront les voyageurs. Il s\u2019agit, selon M\u00e9dias24, de Casablanca, Tanger, Asilah, T\u00e9touan, Essaouira, Inezgane, Ait Melloul, Dakhla, Ouarzazate, Nador, Oujda, Agadir, La\u00e2youne, Al Hoceima, Marrakech, Rabat et F\u00e8s.<\/p>\n<div id=\"div-gpt-ad-1623665508737-0\" class=\"c11\">\n<\/div>\n<p><iframe loading=\"lazy\" src=\"https:\/\/www.facebook.com\/plugins\/post.php?href=https%3A%2F%2Fwww.facebook.com%2FElouafiOfficiel%2Fposts%2F338161941000633&amp;show_text=true&amp;width=500\" width=\"500\" height=\"524\" class=\"c12\" scrolling=\"no\" frameborder=\"0\" allowfullscreen=\"true\" allow=\"autoplay; clipboard-write; encrypted-media; picture-in-picture; web-share\">[embedded content]<\/iframe><\/p>\n<p><strong>Lire aussi | <a class=\"\" href=\"https:\/\/www.challenge.ma\/ram-forte-affluence-des-mre-sur-les-agences-videos-188543\/\">RAM : forte affluence des MRE sur les agences [Vid\u00e9os]<\/a><\/strong><\/p>\n<p>Pour rappel, le transfert vers les h\u00f4tels est \u00e0 la charge des voyageurs qui doivent payer en avance leurs s\u00e9jours. La liste des structures participant dans cette op\u00e9ration sera bient\u00f4t publi\u00e9e.<\/p>\n<div id=\"div-gpt-ad-1623666116734-0\" class=\"c11\">\n<\/div>\n<p>Auteur: challenge<br \/>\n<a href=\"https:\/\/www.challenge.ma\/quarantaine-des-voyageurs-17-ville-choisies-188561\/\">Cliquez ici pour lire l&rsquo;article depuis sa source.<\/a><\/p>\n","protected":false},"excerpt":{"rendered":"<p>Contrairement aux voyageurs en provenance des pays de la liste A, ceux arrivant des pays de la liste B doivent pr\u00e9senter un test PCR n\u00e9gatif de moins de 48 heures de la date d\u2019entr\u00e9e au territoire national, puis se soumettre \u00e0 un isolement sanitaire de 10 jours. Par contre, ils ne sont plus oblig\u00e9s d\u2019obtenir [&hellip;]<\/p>\n","protected":false},"author":1787,"featured_media":0,"comment_status":"closed","ping_status":"closed","sticky":false,"template":"","format":"standard","meta":{"fifu_image_url":"","fifu_image_alt":"","footnotes":""},"categories":[78,54],"tags":[],"class_list":["post-118644","post","type-post","status-publish","format-standard","hentry","category-economie","category-maroc"],"_links":{"self":[{"href":"https:\/\/linitiative.ca\/International\/wp-json\/wp\/v2\/posts\/118644","targetHints":{"allow":["GET"]}}],"collection":[{"href":"https:\/\/linitiative.ca\/International\/wp-json\/wp\/v2\/posts"}],"about":[{"href":"https:\/\/linitiative.ca\/International\/wp-json\/wp\/v2\/types\/post"}],"author":[{"embeddable":true,"href":"https:\/\/linitiative.ca\/International\/wp-json\/wp\/v2\/users\/1787"}],"replies":[{"embeddable":true,"href":"https:\/\/linitiative.ca\/International\/wp-json\/wp\/v2\/comments?post=118644"}],"version-history":[{"count":0,"href":"https:\/\/linitiative.ca\/International\/wp-json\/wp\/v2\/posts\/118644\/revisions"}],"wp:attachment":[{"href":"https:\/\/linitiative.ca\/International\/wp-json\/wp\/v2\/media?parent=118644"}],"wp:term":[{"taxonomy":"category","embeddable":true,"href":"https:\/\/linitiative.ca\/International\/wp-json\/wp\/v2\/categories?post=118644"},{"taxonomy":"post_tag","embeddable":true,"href":"https:\/\/linitiative.ca\/International\/wp-json\/wp\/v2\/tags?post=118644"}],"curies":[{"name":"wp","href":"https:\/\/api.w.org\/{rel}","templated":true}]}}