{"id":118645,"date":"2021-06-15T17:06:31","date_gmt":"2021-06-15T21:06:31","guid":{"rendered":"https:\/\/linitiative.ca\/International\/le-pass-vaccinal-marocain-pourrait-changer\/"},"modified":"2021-06-15T17:06:31","modified_gmt":"2021-06-15T21:06:31","slug":"le-pass-vaccinal-marocain-pourrait-changer","status":"publish","type":"post","link":"https:\/\/linitiative.ca\/International\/le-pass-vaccinal-marocain-pourrait-changer\/","title":{"rendered":"Le pass vaccinal marocain pourrait changer"},"content":{"rendered":"<p><strong>Selon M\u00e9dias24, le pass vaccinal utilis\u00e9 au Maroc devrait int\u00e9grer de nouvelles informations.<\/strong><\/p>\n<div class=\"c10\">\n<\/div>\n<p>Il s\u2019alignera ainsi avec le certificat Cocid-19 num\u00e9rique valid\u00e9 par l\u2019Union europ\u00e9enne. En plus des informations relatives \u00e0 la vaccination, le pass vaccinal marocain int\u00e9grera \u00e9galement les tests PCR effectu\u00e9s (il s\u2019agit d\u2019une condition d\u2019acc\u00e8s \u00e0 plusieurs pays, comme la France). Ainsi, le pass vaccinal se transformera en pass sanitaire et annulera de facto le test imprim\u00e9 par le laboratoire d\u2019analyse.<\/p>\n<div id=\"div-gpt-ad-1623665508737-0\" class=\"c11\">\n<\/div>\n<p><strong>Lire aussi | <a href=\"https:\/\/www.challenge.ma\/quarantaine-des-voyageurs-17-ville-choisies-188561\/\" target=\"_blank\" rel=\"noreferrer noopener\">Quarantaine des voyageurs : 17 villes choisies<\/a><\/strong><\/p>\n<div id=\"div-gpt-ad-1623666116734-0\" class=\"c11\">\n<\/div>\n<p>Auteur: challenge<br \/>\n<a href=\"https:\/\/www.challenge.ma\/le-pass-vaccinal-marocain-pourrait-changer-188568\/\">Cliquez ici pour lire l&rsquo;article depuis sa source.<\/a><\/p>\n","protected":false},"excerpt":{"rendered":"<p>Selon M\u00e9dias24, le pass vaccinal utilis\u00e9 au Maroc devrait int\u00e9grer de nouvelles informations. Il s\u2019alignera ainsi avec le certificat Cocid-19 num\u00e9rique valid\u00e9 par l\u2019Union europ\u00e9enne. En plus des informations relatives \u00e0 la vaccination, le pass vaccinal marocain int\u00e9grera \u00e9galement les tests PCR effectu\u00e9s (il s\u2019agit d\u2019une condition d\u2019acc\u00e8s \u00e0 plusieurs pays, comme la France). Ainsi, [&hellip;]<\/p>\n","protected":false},"author":1787,"featured_media":0,"comment_status":"closed","ping_status":"closed","sticky":false,"template":"","format":"standard","meta":{"fifu_image_url":"","fifu_image_alt":"","footnotes":""},"categories":[78,54],"tags":[],"class_list":["post-118645","post","type-post","status-publish","format-standard","hentry","category-economie","category-maroc"],"_links":{"self":[{"href":"https:\/\/linitiative.ca\/International\/wp-json\/wp\/v2\/posts\/118645","targetHints":{"allow":["GET"]}}],"collection":[{"href":"https:\/\/linitiative.ca\/International\/wp-json\/wp\/v2\/posts"}],"about":[{"href":"https:\/\/linitiative.ca\/International\/wp-json\/wp\/v2\/types\/post"}],"author":[{"embeddable":true,"href":"https:\/\/linitiative.ca\/International\/wp-json\/wp\/v2\/users\/1787"}],"replies":[{"embeddable":true,"href":"https:\/\/linitiative.ca\/International\/wp-json\/wp\/v2\/comments?post=118645"}],"version-history":[{"count":0,"href":"https:\/\/linitiative.ca\/International\/wp-json\/wp\/v2\/posts\/118645\/revisions"}],"wp:attachment":[{"href":"https:\/\/linitiative.ca\/International\/wp-json\/wp\/v2\/media?parent=118645"}],"wp:term":[{"taxonomy":"category","embeddable":true,"href":"https:\/\/linitiative.ca\/International\/wp-json\/wp\/v2\/categories?post=118645"},{"taxonomy":"post_tag","embeddable":true,"href":"https:\/\/linitiative.ca\/International\/wp-json\/wp\/v2\/tags?post=118645"}],"curies":[{"name":"wp","href":"https:\/\/api.w.org\/{rel}","templated":true}]}}