{"id":118653,"date":"2021-06-14T18:13:16","date_gmt":"2021-06-14T22:13:16","guid":{"rendered":"https:\/\/linitiative.ca\/International\/renforcement-de-la-resilience-au-sahel-lusaid-lance-le-programme-rise-ii\/"},"modified":"2021-06-14T18:13:16","modified_gmt":"2021-06-14T22:13:16","slug":"renforcement-de-la-resilience-au-sahel-lusaid-lance-le-programme-rise-ii","status":"publish","type":"post","link":"https:\/\/linitiative.ca\/International\/renforcement-de-la-resilience-au-sahel-lusaid-lance-le-programme-rise-ii\/","title":{"rendered":"Renforcement de la r\u00e9silience au Sahel: L\u2019USAID lance le programme Rise II"},"content":{"rendered":"<div class=\"td-post-featured-image\">\n<figure><a href=\"https:\/\/www.sidwaya.info\/wp-content\/uploads\/2021\/06\/usaid.jpg\" data-caption=\"L\u2019ambassadrice des USA au Burkina, Sandra Clark, a dit esp\u00e9rer que la dynamisation de la croissance des entreprises locales et la cr\u00e9ation d\u2019emplois faciliteront la durabilit\u00e9 du projet.\"><img loading=\"lazy\" decoding=\"async\" width=\"696\" height=\"572\" class=\"entry-thumb td-modal-image\" src=\"https:\/\/www.sidwaya.info\/wp-content\/uploads\/2021\/06\/usaid-696x572.jpg\" srcset=\"https:\/\/www.sidwaya.info\/wp-content\/uploads\/2021\/06\/usaid-696x572.jpg 696w, https:\/\/www.sidwaya.info\/wp-content\/uploads\/2021\/06\/usaid-300x247.jpg 300w, https:\/\/www.sidwaya.info\/wp-content\/uploads\/2021\/06\/usaid-768x631.jpg 768w, https:\/\/www.sidwaya.info\/wp-content\/uploads\/2021\/06\/usaid-150x123.jpg 150w, https:\/\/www.sidwaya.info\/wp-content\/uploads\/2021\/06\/usaid-511x420.jpg 511w, https:\/\/www.sidwaya.info\/wp-content\/uploads\/2021\/06\/usaid.jpg 780w\" sizes=\"auto, (max-width: 696px) 100vw, 696px\" alt=\"\" title=\"usaid\"\/><\/a><figcaption class=\"wp-caption-text\">L\u2019ambassadrice des USA au Burkina, Sandra Clark, a dit esp\u00e9rer que la dynamisation de la croissance des entreprises locales et la cr\u00e9ation d\u2019emplois faciliteront la durabilit\u00e9 du projet.<\/figcaption><\/figure>\n<\/div>\n<p><strong>Dans le cadre de ses activit\u00e9s au Burkina Faso, l\u2019Agence des Etats-Unis pour le d\u00e9veloppement international (USAID) a organis\u00e9, le jeudi 10 juin 2021 \u00e0 Ouagadougou, un atelier de lancement de son programme R\u00e9silience renforc\u00e9e<\/strong><br \/><strong>au Sahel (Rise II).<\/strong><\/p>\n<p>Accro\u00eetre la r\u00e9silience des populations vuln\u00e9rables des r\u00e9gions du Centre-Nord, du Sahel et de l\u2019Est du Burkina Faso et soutenir les populations vuln\u00e9rables sont le cheval de bataille de l\u2019Agence des Etats-Unis pour le d\u00e9veloppement international (USAID). En effet, depuis 2013, elle a mis en \u0153uvre l\u2019initiative RISE I dans ce cadre, et ensuite Rise II en 2018. C\u2019est dans ce sens qu\u2019elle a organis\u00e9, le jeudi 10 juin 2021 \u00e0 Ouagadougou, un atelier de lancement de l\u2019initiative pour la R\u00e9silience renforc\u00e9e au Sahel (Rise II). Ce programme se centralise sur les capacit\u00e9s de r\u00e9silience dans deux pays (le Niger et le Burkina Faso), et comprend plus de 30 partenaires de mise en \u0153uvre avec un investissement de 730 millions de dollars sur cinq ans ainsi qu\u2019une implication des parties prenantes gouvernementales et de la soci\u00e9t\u00e9 civile. L\u2019ambassadrice des USA, Sandra Clark, a fait comprendre que le projet est un partenariat avec le Burkina Faso qui vise \u00e0 construire sur les bases de la premi\u00e8re phase Rise I et de continuer le travail ensemble, afin d\u2019am\u00e9liorer la situation dans ces trois r\u00e9gions du pays.<\/p>\n<p>\u00ab L\u2019objectif primordial de la deuxi\u00e8me phase du projet est de permettre aux personnes chroniquement vuln\u00e9rables de faire efficacement face aux chocs et aux contraintes et de trouver des moyens durables pour sortir de la pauvret\u00e9 \u00bb, a-t-elle dit. Car, il y a plusieurs volets du projet Rise I qui ont \u00e9t\u00e9 abord\u00e9s et des r\u00e9sultats positifs ont \u00e9t\u00e9 obtenus. Selon elle, le budget pr\u00e9vu pour cette seconde phase est estim\u00e9 \u00e0 190 millions de dollars pour 5 ans. \u00ab Les activit\u00e9s du projet Rise II porteront, entre autres, sur la s\u00e9curit\u00e9 alimentaire et nutritionnelle au niveau des m\u00e9nages et des communaut\u00e9s. Elles porteront \u00e9galement sur le financement de l\u2019agriculture, de l\u2019eau et l\u2019assainissement, de la croissance \u00e9conomique, de la sant\u00e9 maternelle et infantile\u2026\u00bb, a fait savoir Mme Clark. Soucieux du bien-\u00eatre de la population, le gouvernement \u00e0 travers le ministre en charge de l\u2019agriculture, Salifou Ou\u00e9draogo a fait savoir qu\u2019un dispositif national de pr\u00e9vention et de riposte a \u00e9t\u00e9 mis en place \u00e0 travers le Conseil national de s\u00e9curit\u00e9 alimentaire (CNSA), et ses structures sp\u00e9cialis\u00e9es.<\/p>\n<p>\u00ab Le Burkina Faso, malgr\u00e9 les efforts consentis, reste confront\u00e9 au d\u00e9fi d\u2019assurer une s\u00e9curit\u00e9 alimentaire et nutritionnelle durable du fait des al\u00e9as climatiques auxquels le pays fait face, limitant ainsi la productivit\u00e9 agricole \u00bb, a-t-il d\u00e9plor\u00e9.<br \/>Il s\u2019est par ailleurs r\u00e9joui de la collaboration entre le CNSA et les projets financ\u00e9s par USAID, afin d\u2019assurer un meilleur impact des interventions et assurer la continuit\u00e9 des acquis au Burkina Faso. De sa part, ce programme permettra de travailler avec les communaut\u00e9s et il a promis qu\u2019en termes de gouvernance locale, un travail sera fait pour une meilleure appropriation du programme par ces derni\u00e8res. B\u00e9n\u00e9ficiaire du projet Rise I,<br \/>le Centre-Nord repr\u00e9sent\u00e9 par le pr\u00e9sident du conseil r\u00e9gional, Adama Sawadogo, a vu des p\u00e9rim\u00e8tres am\u00e9nag\u00e9s qui ont permis \u00e0 la population d\u2019y travailler.<\/p>\n<p>Des m\u00e9nages ont \u00e9galement re\u00e7u des soutiens afin de pratiquer l\u2019embouche. \u00ab Nous avons organis\u00e9 des foires et nous avons \u00e9t\u00e9 appuy\u00e9s par le projet Rise I. Dans la r\u00e9gion, avec les attaques, les populations ont \u00e9t\u00e9 soutenues, la nourriture ou le transfert de cash leur ont \u00e9t\u00e9 offerts afin de les soulager un tant soit peu \u00bb, a- t-il l\u00e2ch\u00e9.<br \/>Le programme Rise a \u00e9t\u00e9 con\u00e7u en r\u00e9ponse aux graves s\u00e9cheresses qui ont frapp\u00e9 le Sahel et la Corne de l\u2019Afrique entre 2011 et 2012.<\/p>\n<p class=\"c1\"><strong>Ir\u00e8ne Laure YAMEOGO<\/strong><br \/>(Stagiaire)<\/p>\n<div class=\"td-a-rec td-a-rec-id-content_bottom tdi_33_2f2 td_block_template_1\">\n<p><img loading=\"lazy\" decoding=\"async\" class=\"aligncenter size-full wp-image-27454\" src=\"https:\/\/www.sidwaya.info\/wp-content\/uploads\/2020\/10\/PUB-Bandeau-paiement-mobile-siteweb.jpg\" alt=\"\" width=\"728\" height=\"90\"\/><\/div>\n<p>Auteur: JK. Sidwaya<br \/>\n<a href=\"https:\/\/www.sidwaya.info\/blog\/2021\/06\/14\/renforcement-de-la-resilience-au-sahel-lusaid-lance-le-programme-rise-ii\/\">Cliquez ici pour lire l&rsquo;article depuis sa source.<\/a><\/p>\n","protected":false},"excerpt":{"rendered":"<p>L\u2019ambassadrice des USA au Burkina, Sandra Clark, a dit esp\u00e9rer que la dynamisation de la croissance des entreprises locales et la cr\u00e9ation d\u2019emplois faciliteront la durabilit\u00e9 du projet. Dans le cadre de ses activit\u00e9s au Burkina Faso, l\u2019Agence des Etats-Unis pour le d\u00e9veloppement international (USAID) a organis\u00e9, le jeudi 10 juin 2021 \u00e0 Ouagadougou, un [&hellip;]<\/p>\n","protected":false},"author":1816,"featured_media":0,"comment_status":"closed","ping_status":"closed","sticky":false,"template":"","format":"standard","meta":{"fifu_image_url":"https:\/\/www.sidwaya.info\/wp-content\/uploads\/2021\/06\/usaid-696x572.jpg","fifu_image_alt":"Renforcement de la r\u00e9silience au Sahel: L\u2019USAID lance le programme Rise II","footnotes":""},"categories":[73,81],"tags":[],"class_list":["post-118653","post","type-post","status-publish","format-standard","hentry","category-actualite","category-burkina-faso"],"_links":{"self":[{"href":"https:\/\/linitiative.ca\/International\/wp-json\/wp\/v2\/posts\/118653","targetHints":{"allow":["GET"]}}],"collection":[{"href":"https:\/\/linitiative.ca\/International\/wp-json\/wp\/v2\/posts"}],"about":[{"href":"https:\/\/linitiative.ca\/International\/wp-json\/wp\/v2\/types\/post"}],"author":[{"embeddable":true,"href":"https:\/\/linitiative.ca\/International\/wp-json\/wp\/v2\/users\/1816"}],"replies":[{"embeddable":true,"href":"https:\/\/linitiative.ca\/International\/wp-json\/wp\/v2\/comments?post=118653"}],"version-history":[{"count":0,"href":"https:\/\/linitiative.ca\/International\/wp-json\/wp\/v2\/posts\/118653\/revisions"}],"wp:attachment":[{"href":"https:\/\/linitiative.ca\/International\/wp-json\/wp\/v2\/media?parent=118653"}],"wp:term":[{"taxonomy":"category","embeddable":true,"href":"https:\/\/linitiative.ca\/International\/wp-json\/wp\/v2\/categories?post=118653"},{"taxonomy":"post_tag","embeddable":true,"href":"https:\/\/linitiative.ca\/International\/wp-json\/wp\/v2\/tags?post=118653"}],"curies":[{"name":"wp","href":"https:\/\/api.w.org\/{rel}","templated":true}]}}