{"id":118654,"date":"2021-06-14T18:23:33","date_gmt":"2021-06-14T22:23:33","guid":{"rendered":"https:\/\/linitiative.ca\/International\/journee-nationale-des-jeunes-hommes-daffaires-des-engagements-en-faveur-du-secteur-informel\/"},"modified":"2021-06-14T18:23:33","modified_gmt":"2021-06-14T22:23:33","slug":"journee-nationale-des-jeunes-hommes-daffaires-des-engagements-en-faveur-du-secteur-informel","status":"publish","type":"post","link":"https:\/\/linitiative.ca\/International\/journee-nationale-des-jeunes-hommes-daffaires-des-engagements-en-faveur-du-secteur-informel\/","title":{"rendered":"Journ\u00e9e nationale des jeunes hommes d\u2019affaires : Des engagements en faveur du secteur informel"},"content":{"rendered":"<div class=\"td-post-featured-image\">\n<figure><a href=\"https:\/\/www.sidwaya.info\/wp-content\/uploads\/2021\/06\/affaires.jpg\" data-caption=\"Venu encourager les jeunes au nom de son coll\u00e8gue en charge de la jeunesse, le ministre de l\u2019Agriculture, Salifou Ou\u00e9draogo (3e gauche vers droite) a exhort\u00e9 les jeunes \u00e0 s\u2019int\u00e9resser aux activit\u00e9s agricoles.\"><img loading=\"lazy\" decoding=\"async\" width=\"696\" height=\"291\" class=\"entry-thumb td-modal-image\" src=\"https:\/\/www.sidwaya.info\/wp-content\/uploads\/2021\/06\/affaires-696x291.jpg\" srcset=\"https:\/\/www.sidwaya.info\/wp-content\/uploads\/2021\/06\/affaires-696x291.jpg 696w, https:\/\/www.sidwaya.info\/wp-content\/uploads\/2021\/06\/affaires-300x126.jpg 300w, https:\/\/www.sidwaya.info\/wp-content\/uploads\/2021\/06\/affaires-768x322.jpg 768w, https:\/\/www.sidwaya.info\/wp-content\/uploads\/2021\/06\/affaires-150x63.jpg 150w, https:\/\/www.sidwaya.info\/wp-content\/uploads\/2021\/06\/affaires.jpg 781w\" sizes=\"auto, (max-width: 696px) 100vw, 696px\" alt=\"\" title=\"affaires\"\/><\/a><figcaption class=\"wp-caption-text\">Venu encourager les jeunes au nom de son coll\u00e8gue en charge de la jeunesse, le ministre de l\u2019Agriculture, Salifou Ou\u00e9draogo (3e gauche vers droite) a exhort\u00e9 les jeunes \u00e0 s\u2019int\u00e9resser aux activit\u00e9s agricoles.<\/figcaption><\/figure>\n<\/div>\n<p><strong>Le Conseil national de la jeunesse (CNJ) \u00e0 travers son comit\u00e9 de la jeunesse du secteur informel a organis\u00e9, le jeudi 10 juin 2021, \u00e0 Ouagadougou, la premi\u00e8re Journ\u00e9e nationale des jeunes hommes d\u2019affaires \u00e9voluant dans l\u2019informel.<\/strong><\/p>\n<p>\u00abQuelle contribution des jeunes hommes d\u2019affaires au d\u00e9veloppement \u00e9conomique du Burkina Faso \u00bb, c\u2019est sous ce th\u00e8me que s\u2019est tenue la premi\u00e8re Journ\u00e9e des jeunes hommes d\u2019affaires, organis\u00e9e par le comit\u00e9 de la jeunesse du secteur informel du Conseil national de la jeunesse (CNJ), le 10 juin 2021, \u00e0 Ouagadougou.<br \/>La rencontre a \u00e9t\u00e9 marqu\u00e9e par des panels sur les \u00e9tapes de cr\u00e9ation d\u2019entreprises, les facilit\u00e9s pour acc\u00e9der aux diff\u00e9rents fonds, des \u00e9changes \u2018\u2019b to b\u2019\u2019 et des projections de capsules sur la vie de certains mentors dans le domaine de l\u2019entrepreneuriat \u00e0 l\u2019image d\u2019Apollinaire Compaor\u00e9 et Idrissa Nassa.<\/p>\n<p>A l\u2019issue de toutes ces \u00e9tapes, les participants ont formul\u00e9 deux recommandations. Il s\u2019agit principalement de la question de l\u2019acc\u00e8s des jeunes et des femmes aux financements pour leurs entreprises mais aussi, de l\u2019ouverture de ces jeunes entrepreneurs aux autres hommes d\u2019affaires du monde entier, \u00e0 travers des mises en contact, pour faciliter les \u00e9changes commerciaux. Selon le pr\u00e9sident du CNJ, Moumouni Dialla, cette journ\u00e9e a \u00e9t\u00e9 riche en partages d\u2019exp\u00e9riences et en propositions pour venir en aide aux acteurs du monde informel.<\/p>\n<p>Le coparrain par ailleurs pr\u00e9sident de la d\u00e9l\u00e9gation consulaire r\u00e9gionale du Centre, Hamidou Ou\u00e9draogo, s\u2019est r\u00e9joui de cette journ\u00e9e qui a, de son avis, contribu\u00e9 \u00e0 sensibiliser les jeunes \u00e0 la n\u00e9cessit\u00e9 d\u2019entreprendre \u00e0 leur propre compte. Il a par ailleurs invit\u00e9 les jeunes \u00e0 s\u2019unir par domaines d\u2019activit\u00e9s et \u00e0 proposer des projets fiables, concrets et viables.<br \/>Venu encourager les jeunes au nom du ministre en charge de la jeunesse, le ministre de l\u2019Agriculture, Salifou Ou\u00e9draogo a exhort\u00e9 les jeunes \u00e0 s\u2019int\u00e9resser aux activit\u00e9s agricoles. \u00ab Il y a beaucoup \u00e0 faire dans le secteur agricole et je vous invite \u00e0 explorer ce domaine. Le gouvernement ne peut pas embaucher tous les jeunes.<\/p>\n<p>Que tu sois commer\u00e7ant, transformateur\u2026tu peux venir dans l\u2019agriculture. Il faut avoir l\u2019esprit d\u2019entreprise. C\u2019est pourquoi, j\u2019ai \u00e9t\u00e9 ravi de savoir que des jeunes ont compris cela et ont d\u00e9cid\u00e9 de s\u2019associer pour trouver des solutions \u00e0 leurs difficult\u00e9s \u00bb, a-t-il dit. Embouchant la m\u00eame trompette, le ministre en charge du commerce, Harouna Kabor\u00e9, a surtout insist\u00e9 sur la n\u00e9cessit\u00e9 pour les acteurs du monde informel \u00e0 se formaliser. Pour lui, cette formalisation permettra d\u2019engranger plus d\u2019argent pour financer des infrastructures socio\u00e9conomiques.<\/p>\n<p class=\"c1\"><strong>Gaspard BAYALA<\/strong><\/p>\n<div class=\"td-a-rec td-a-rec-id-content_bottom tdi_33_9b1 td_block_template_1\">\n<p><img loading=\"lazy\" decoding=\"async\" class=\"aligncenter size-full wp-image-27454\" src=\"https:\/\/www.sidwaya.info\/wp-content\/uploads\/2020\/10\/PUB-Bandeau-paiement-mobile-siteweb.jpg\" alt=\"\" width=\"728\" height=\"90\"\/><\/div>\n<p>Auteur: JK. Sidwaya<br \/>\n<a href=\"https:\/\/www.sidwaya.info\/blog\/2021\/06\/14\/journee-nationale-des-jeunes-hommes-daffaires-des-engagements-en-faveur-du-secteur-informel\/\">Cliquez ici pour lire l&rsquo;article depuis sa source.<\/a><\/p>\n","protected":false},"excerpt":{"rendered":"<p>Venu encourager les jeunes au nom de son coll\u00e8gue en charge de la jeunesse, le ministre de l\u2019Agriculture, Salifou Ou\u00e9draogo (3e gauche vers droite) a exhort\u00e9 les jeunes \u00e0 s\u2019int\u00e9resser aux activit\u00e9s agricoles. Le Conseil national de la jeunesse (CNJ) \u00e0 travers son comit\u00e9 de la jeunesse du secteur informel a organis\u00e9, le jeudi 10 [&hellip;]<\/p>\n","protected":false},"author":1816,"featured_media":0,"comment_status":"closed","ping_status":"closed","sticky":false,"template":"","format":"standard","meta":{"fifu_image_url":"https:\/\/www.sidwaya.info\/wp-content\/uploads\/2021\/06\/affaires-696x291.jpg","fifu_image_alt":"Journ\u00e9e nationale des jeunes hommes d\u2019affaires : Des engagements en faveur du secteur informel","footnotes":""},"categories":[73,81],"tags":[],"class_list":["post-118654","post","type-post","status-publish","format-standard","hentry","category-actualite","category-burkina-faso"],"_links":{"self":[{"href":"https:\/\/linitiative.ca\/International\/wp-json\/wp\/v2\/posts\/118654","targetHints":{"allow":["GET"]}}],"collection":[{"href":"https:\/\/linitiative.ca\/International\/wp-json\/wp\/v2\/posts"}],"about":[{"href":"https:\/\/linitiative.ca\/International\/wp-json\/wp\/v2\/types\/post"}],"author":[{"embeddable":true,"href":"https:\/\/linitiative.ca\/International\/wp-json\/wp\/v2\/users\/1816"}],"replies":[{"embeddable":true,"href":"https:\/\/linitiative.ca\/International\/wp-json\/wp\/v2\/comments?post=118654"}],"version-history":[{"count":0,"href":"https:\/\/linitiative.ca\/International\/wp-json\/wp\/v2\/posts\/118654\/revisions"}],"wp:attachment":[{"href":"https:\/\/linitiative.ca\/International\/wp-json\/wp\/v2\/media?parent=118654"}],"wp:term":[{"taxonomy":"category","embeddable":true,"href":"https:\/\/linitiative.ca\/International\/wp-json\/wp\/v2\/categories?post=118654"},{"taxonomy":"post_tag","embeddable":true,"href":"https:\/\/linitiative.ca\/International\/wp-json\/wp\/v2\/tags?post=118654"}],"curies":[{"name":"wp","href":"https:\/\/api.w.org\/{rel}","templated":true}]}}