{"id":118658,"date":"2021-06-15T12:18:02","date_gmt":"2021-06-15T16:18:02","guid":{"rendered":"https:\/\/linitiative.ca\/International\/lonu-invite-les-partenaires-a-ne-pas-abandonner-le-mali\/"},"modified":"2021-06-15T12:18:02","modified_gmt":"2021-06-15T16:18:02","slug":"lonu-invite-les-partenaires-a-ne-pas-abandonner-le-mali","status":"publish","type":"post","link":"https:\/\/linitiative.ca\/International\/lonu-invite-les-partenaires-a-ne-pas-abandonner-le-mali\/","title":{"rendered":"L\u2019ONU invite les partenaires \u00e0 ne pas abandonner le Mali"},"content":{"rendered":"<div readability=\"32\">\n<p>Publi\u00e9 le 15.06.2021 \u00e0 17h18 par APA News<\/p>\n<\/div>\n<div readability=\"94\">\n<p>Le Repr\u00e9sentant sp\u00e9cial du Secr\u00e9taire g\u00e9n\u00e9ral des Nations Unies au Mali, El-Ghassim Wane a soulign\u00e9 la n\u00e9cessit\u00e9 du soutien continu du Conseil de s\u00e9curit\u00e9 et de la communaut\u00e9 internationale \u00e0 ce pays.Apr\u00e8s l\u2019annonce de la suspension des op\u00e9rations militaires conjointes de la France avec les Forces arm\u00e9es maliennes, M. Wane a d\u00e9clar\u00e9 que le Mali est \u00e0 un tournant critique. Il a appel\u00e9 ainsi \u00e0 ne pas laisser le pays sombrer dans \u00ab une nouvelle instabilit\u00e9 aux cons\u00e9quences dramatiques pour la sous-r\u00e9gion et au-del\u00e0 \u00bb.<\/p>\n<p>M. El-Ghassim Wane, qui intervenait par visioconf\u00e9rence depuis Bamako, devant un Conseil r\u00e9uni en pr\u00e9sentiel ce mardi matin, a invit\u00e9 les nouveaux dirigeants maliens \u00e0 \u00ab s\u2019\u00e9lever au-dessus de la politique partisane et des int\u00e9r\u00eats personnels et de travailler ensemble pour faire face \u00e0 la crise, dans l\u2019int\u00e9r\u00eat de leur pays et de son avenir \u00bb.<\/p>\n<p>\u00ab Une action imm\u00e9diate est maintenant requise pour engager des r\u00e9formes cruciales et jeter les bases d\u2019un processus \u00e9lectoral cr\u00e9dible. Cela implique une approche inclusive, un leadership malien fort et un compromis politique. Et le soutien ind\u00e9fectible des partenaires internationaux restera vital \u00bb, a soulign\u00e9 M.\u202fEl-Ghassim Wane, par ailleurs Chef de la Mission multidimensionnelle int\u00e9gr\u00e9e des Nations Unies pour la stabilisation au Mali (Minusma).<\/p>\n<p>\u00ab La priorit\u00e9 absolue doit \u00eatre l\u2019organisation de l\u2019\u00e9lection pr\u00e9sidentielle, le 27 f\u00e9vrier 2022, \u00e0 laquelle les autorit\u00e9s en charge de la transition ne pourront pas concourir \u00bb, a insist\u00e9 la France \u00e0 l\u2019instar d\u2019un grand nombre de d\u00e9l\u00e9gations, pr\u00e9cisant que la suspension de sa coop\u00e9ration militaire s\u2019est faite dans l\u2019attente de clarifications apr\u00e8s le nouveau coup d\u2019\u00c9tat du 24 mai\u202fdernier.<\/p>\n<p>M. Wane a fait savoir que le Pr\u00e9sident et le Premier ministre de la transition, le colonel Assimi Go\u00efta et Choguel Ma\u00efga, ont assur\u00e9 qu\u2019ils respectent le calendrier \u00e9lectoral qui pr\u00e9voit des \u00e9lections d\u2019ici \u00e0 f\u00e9vrier, et qu\u2019ils ne seront pas candidats. Ils ont \u00e9galement r\u00e9it\u00e9r\u00e9 leur engagement \u00e0 travailler avec les groupes arm\u00e9s membres du gouvernement et signataires de l\u2019Accord pour la paix et la r\u00e9conciliation au Mali. Un chantier jug\u00e9 d\u2019ailleurs crucial par la majorit\u00e9 des orateurs.<\/p>\n<p>Le Mali a de son c\u00f4t\u00e9 r\u00e9clam\u00e9 \u00ab une solidarit\u00e9 internationale plus agissante \u00bb pour que r\u00e9ussisse le processus de transition, se disant inquiet des mesures prises \u00e0 la suite des derniers \u00e9v\u00e9nements politiques. Appelant \u00e0 la \u00ab compr\u00e9hension\u00a0\u00bb des partenaires, la d\u00e9l\u00e9gation a ainsi sollicit\u00e9 la lev\u00e9e des sanctions frappant un pays\u202f\u00ab d\u00e9j\u00e0 fragilis\u00e9 par plusieurs ann\u00e9es de crise politique, s\u00e9curitaire, \u00e9conomique et sanitaire \u00bb.<\/p>\n<p>Alors que le mandat de la Minusma expire \u00e0 la fin de ce mois de juin,\u202fEl-Ghassim Wane a d\u00e9crit une situation sur le terrain marqu\u00e9e par la persistance de l\u2019ins\u00e9curit\u00e9 dans le nord et le centre du pays et la menace d\u2019attentats terroristes affectant d\u2019autres r\u00e9gions maliennes.<\/p>\n<p>Dans ce contexte fragile, la France a propos\u00e9, pour le renouvellement du mandat de la mission onusienne, d\u2019en conserver les deux priorit\u00e9s strat\u00e9giques, \u00e0 savoir le soutien \u00e0 la mise en \u0153uvre de l\u2019Accord pour la paix et la r\u00e9conciliation et l\u2019appui \u00e0 la stabilisation du centre du pays.<\/p>\n<\/div>\n<p>Auteur: APA News<br \/>\n<a href=\"https:\/\/www.journalducameroun.com\/lonu-invite-les-partenaires-a-ne-pas-abandonner-le-mali\/\">Cliquez ici pour lire l&rsquo;article depuis sa source.<\/a><\/p>\n","protected":false},"excerpt":{"rendered":"<p>Publi\u00e9 le 15.06.2021 \u00e0 17h18 par APA News Le Repr\u00e9sentant sp\u00e9cial du Secr\u00e9taire g\u00e9n\u00e9ral des Nations Unies au Mali, El-Ghassim Wane a soulign\u00e9 la n\u00e9cessit\u00e9 du soutien continu du Conseil de s\u00e9curit\u00e9 et de la communaut\u00e9 internationale \u00e0 ce pays.Apr\u00e8s l\u2019annonce de la suspension des op\u00e9rations militaires conjointes de la France avec les Forces arm\u00e9es [&hellip;]<\/p>\n","protected":false},"author":1965,"featured_media":0,"comment_status":"closed","ping_status":"closed","sticky":false,"template":"","format":"standard","meta":{"fifu_image_url":"","fifu_image_alt":"","footnotes":""},"categories":[73,82],"tags":[],"class_list":["post-118658","post","type-post","status-publish","format-standard","hentry","category-actualite","category-cameroun"],"_links":{"self":[{"href":"https:\/\/linitiative.ca\/International\/wp-json\/wp\/v2\/posts\/118658","targetHints":{"allow":["GET"]}}],"collection":[{"href":"https:\/\/linitiative.ca\/International\/wp-json\/wp\/v2\/posts"}],"about":[{"href":"https:\/\/linitiative.ca\/International\/wp-json\/wp\/v2\/types\/post"}],"author":[{"embeddable":true,"href":"https:\/\/linitiative.ca\/International\/wp-json\/wp\/v2\/users\/1965"}],"replies":[{"embeddable":true,"href":"https:\/\/linitiative.ca\/International\/wp-json\/wp\/v2\/comments?post=118658"}],"version-history":[{"count":0,"href":"https:\/\/linitiative.ca\/International\/wp-json\/wp\/v2\/posts\/118658\/revisions"}],"wp:attachment":[{"href":"https:\/\/linitiative.ca\/International\/wp-json\/wp\/v2\/media?parent=118658"}],"wp:term":[{"taxonomy":"category","embeddable":true,"href":"https:\/\/linitiative.ca\/International\/wp-json\/wp\/v2\/categories?post=118658"},{"taxonomy":"post_tag","embeddable":true,"href":"https:\/\/linitiative.ca\/International\/wp-json\/wp\/v2\/tags?post=118658"}],"curies":[{"name":"wp","href":"https:\/\/api.w.org\/{rel}","templated":true}]}}