{"id":118659,"date":"2021-06-15T12:30:53","date_gmt":"2021-06-15T16:30:53","guid":{"rendered":"https:\/\/linitiative.ca\/International\/cameroun-des-deputes-favorables-a-une-strategie-nationale-de-developpement-de-lentreprenariat-prive\/"},"modified":"2021-06-15T12:30:53","modified_gmt":"2021-06-15T16:30:53","slug":"cameroun-des-deputes-favorables-a-une-strategie-nationale-de-developpement-de-lentreprenariat-prive","status":"publish","type":"post","link":"https:\/\/linitiative.ca\/International\/cameroun-des-deputes-favorables-a-une-strategie-nationale-de-developpement-de-lentreprenariat-prive\/","title":{"rendered":"Cameroun : des d\u00e9put\u00e9s, favorables \u00e0 une strat\u00e9gie nationale de d\u00e9veloppement de l\u2019entreprenariat priv\u00e9"},"content":{"rendered":"<div readability=\"32\">\n<p>Publi\u00e9 le 15.06.2021 \u00e0 17h30 par Emile Zola Nd\u00e9 Tchoussi<\/p>\n<\/div>\n<div readability=\"77\">\n<h5 class=\"c9\">Les parlementaires ont formul\u00e9\u00a010 recommandations pour am\u00e9liorer le financement de l\u2019entrepreneuriat\u00a0priv\u00e9.\u00a0Celles-ci ont \u00e9t\u00e9 arr\u00eat\u00e9es lors du forum sur le financement de l\u2019entrepreneuriat territorialis\u00e9, ce lundi 14 juin 2021.<\/h5>\n<p class=\"c10\">Nul ne peut ignorer l\u2019importance de l\u2019entreprenariat dans un pays comme le Cameroun. En effet, dans un contexte international, national et r\u00e9gional caract\u00e9ris\u00e9 par l\u2019urgence des r\u00e9ponses \u00e0 apporter aux probl\u00e8mes impos\u00e9s par les jeunes et les promoteurs d\u2019entreprises, le R\u00e9seau des parlementaires camerounais essaye d\u2019apporter sa pierre \u00e0 l\u2019\u00e9difice. Pr\u00e9sid\u00e9 par le d\u00e9put\u00e9 <strong>Roger Melingui<\/strong>, ils ont r\u00e9uni des membres du\u00a0gouvernement, des magistrats municipaux, des op\u00e9rateurs \u00e9conomiques et autres partenaires internationaux au d\u00e9veloppement dans le cadre d\u2019un forum sur le financement de l\u2019entrepreneuriat territorialis\u00e9 le 14 juin 2021 \u00e0 Yaound\u00e9.<\/p>\n<p class=\"c10\">Parmi la dizaine de recommandations formul\u00e9es \u00e0 l\u2019issue des \u00e9changes, figure l\u2019\u00e9laboration, l\u2019adoption et la publication par le gouvernement d\u2019une strat\u00e9gie nationale de d\u00e9veloppement, de promotion et de protection de l\u2019entrepreneuriat priv\u00e9 au Cameroun. Elle devrait \u00eatre assortie d\u2019un cadre d\u00e9di\u00e9 \u00e0 l\u2019op\u00e9rationnalisation qui dresse la cartographie des acteurs, leurs r\u00f4les, leur positionnement ainsi que les modalit\u00e9s d\u2019\u00e9valuation de leurs activit\u00e9s.<\/p>\n<p class=\"c10\">A la fin des travaux, l\u2019honorable Roger Melingui\u00a0a indiqu\u00e9\u00a0: \u00ab\u00a0<em>Qu\u2019il est heureux de voir un tel engouement. Cela t\u00e9moigne d\u2019un certain int\u00e9r\u00eat pour l\u2019entreprenariat priv\u00e9 et les voies et moyens d\u2019assurer un meilleur financement et ce qui va avec, \u00e0 savoir l\u2019emploi-jeune. Nous sommes heureux des pr\u00e9sentations qui ont \u00e9t\u00e9 faites par le ministre des petites et moyennes entreprises et le ministre des postes et t\u00e9l\u00e9communications. Ils nous ont fourni l\u2019information n\u00e9cessaire sur ce qui se fait d\u00e9j\u00e0\u00a0<\/em>\u00bb.<\/p>\n<p class=\"c10\">Quant \u00e0 <strong>Augustin Tamba<\/strong>, pr\u00e9sident des Communes et villes unies du Cameroun (<strong>CVUC<\/strong>), il pense que\u00a0: \u00ab\u00a0<em>les collectivit\u00e9s territoriales d\u00e9centralis\u00e9es devraient devenir des moteurs de croissance pour mieux lutter contre le ch\u00f4mage\u00a0 et la pauvret\u00e9. Une conjugaison d\u2019actions entre d\u2019action entre les parlementaires et les maires ferait avancer les choses de mani\u00e8re consid\u00e9rable. Nous sommes en train d\u2019accompagner les communes sur le plan de l\u2019organisation juridique et op\u00e9rationnelle afin qu\u2019elles puissent cr\u00e9er des structures pour pouvoir militer pour une production des richesses et la cr\u00e9ation d\u2019entreprises. L\u2019entreprenariat des richesses nous int\u00e9resse\u00a0<\/em>\u00bb.<\/p>\n<p class=\"c10\">Il importe aussi de renforcer \u00ab\u2009<em>les m\u00e9canismes et instruments l\u00e9gislatifs et r\u00e9glementaires d\u2019\u00e9mergence des porteurs de projets performants et de diminution de leur sinistralit\u00e9, notamment les couveuses, incubateurs, p\u00e9pini\u00e8res, acc\u00e9l\u00e9rateurs, etc.\u2009<\/em>\u00bb. La cr\u00e9ation de grands prix nationaux, r\u00e9gionaux, d\u00e9partementaux ou communaux viendrait c\u00e9l\u00e9brer les entrepreneurs.<\/p>\n<\/div>\n<p>Auteur: Christian DJIMADEU<br \/>\n<a href=\"https:\/\/www.journalducameroun.com\/cameroun-des-deputes-favorables-a-une-strategie-nationale-de-developpement-de-lentreprenariat-prive\/\">Cliquez ici pour lire l&rsquo;article depuis sa source.<\/a><\/p>\n","protected":false},"excerpt":{"rendered":"<p>Publi\u00e9 le 15.06.2021 \u00e0 17h30 par Emile Zola Nd\u00e9 Tchoussi Les parlementaires ont formul\u00e9\u00a010 recommandations pour am\u00e9liorer le financement de l\u2019entrepreneuriat\u00a0priv\u00e9.\u00a0Celles-ci ont \u00e9t\u00e9 arr\u00eat\u00e9es lors du forum sur le financement de l\u2019entrepreneuriat territorialis\u00e9, ce lundi 14 juin 2021. Nul ne peut ignorer l\u2019importance de l\u2019entreprenariat dans un pays comme le Cameroun. En effet, dans un [&hellip;]<\/p>\n","protected":false},"author":1965,"featured_media":0,"comment_status":"closed","ping_status":"closed","sticky":false,"template":"","format":"standard","meta":{"fifu_image_url":"","fifu_image_alt":"","footnotes":""},"categories":[73,82],"tags":[],"class_list":["post-118659","post","type-post","status-publish","format-standard","hentry","category-actualite","category-cameroun"],"_links":{"self":[{"href":"https:\/\/linitiative.ca\/International\/wp-json\/wp\/v2\/posts\/118659","targetHints":{"allow":["GET"]}}],"collection":[{"href":"https:\/\/linitiative.ca\/International\/wp-json\/wp\/v2\/posts"}],"about":[{"href":"https:\/\/linitiative.ca\/International\/wp-json\/wp\/v2\/types\/post"}],"author":[{"embeddable":true,"href":"https:\/\/linitiative.ca\/International\/wp-json\/wp\/v2\/users\/1965"}],"replies":[{"embeddable":true,"href":"https:\/\/linitiative.ca\/International\/wp-json\/wp\/v2\/comments?post=118659"}],"version-history":[{"count":0,"href":"https:\/\/linitiative.ca\/International\/wp-json\/wp\/v2\/posts\/118659\/revisions"}],"wp:attachment":[{"href":"https:\/\/linitiative.ca\/International\/wp-json\/wp\/v2\/media?parent=118659"}],"wp:term":[{"taxonomy":"category","embeddable":true,"href":"https:\/\/linitiative.ca\/International\/wp-json\/wp\/v2\/categories?post=118659"},{"taxonomy":"post_tag","embeddable":true,"href":"https:\/\/linitiative.ca\/International\/wp-json\/wp\/v2\/tags?post=118659"}],"curies":[{"name":"wp","href":"https:\/\/api.w.org\/{rel}","templated":true}]}}