{"id":118660,"date":"2021-06-15T13:18:02","date_gmt":"2021-06-15T17:18:02","guid":{"rendered":"https:\/\/linitiative.ca\/International\/afsud-un-diplomate-epingle-pour-commerce-illicite-dalcool\/"},"modified":"2021-06-15T13:18:02","modified_gmt":"2021-06-15T17:18:02","slug":"afsud-un-diplomate-epingle-pour-commerce-illicite-dalcool","status":"publish","type":"post","link":"https:\/\/linitiative.ca\/International\/afsud-un-diplomate-epingle-pour-commerce-illicite-dalcool\/","title":{"rendered":"Af\u2019Sud: un diplomate \u00e9pingl\u00e9 pour commerce illicite d\u2019alcool"},"content":{"rendered":"<div readability=\"32\">\n<p>Publi\u00e9 le 15.06.2021 \u00e0 18h18 par APA News<\/p>\n<\/div>\n<div readability=\"64\">\n<p>Un diplomate bas\u00e9 en Afrique du Sud, dont l\u2019identit\u00e9 et le pays ont \u00e9t\u00e9 tenus secrets, a d\u00e9pens\u00e9 2,4 millions de dollars am\u00e9ricains en trois mois dans une vente ill\u00e9gale d\u2019alcool, a r\u00e9v\u00e9l\u00e9 mardi un haut responsable.Selon le porte-parole du minist\u00e8re des Relations internationales et de la Coop\u00e9ration, Clayson Monyela, les enqu\u00eates que m\u00e8ne le gouvernement sud-africain sur le scandale ont r\u00e9v\u00e9l\u00e9 que certains des diplomates qui ont abus\u00e9 de leurs privil\u00e8ges ont vendu l\u2019alcool au public en installant des bars remplis qui ne paient pas les taxes.<\/p>\n<p>La semaine derni\u00e8re, un certain nombre de diplomates de plusieurs pays, dont le Malawi et le Lesotho, ont \u00e9t\u00e9 d\u00e9clar\u00e9s persona non grata et se sont vu accorder 72 heures pour quitter l\u2019Afrique du Sud pour avoir pr\u00e9tendument fait du commerce d\u2019alcool hors-taxes.<\/p>\n<p>Monyela a d\u00e9clar\u00e9 que l\u2019enqu\u00eate en cours sur le scandale a r\u00e9v\u00e9l\u00e9 que certains de ces diplomates auraient dirig\u00e9 leurs propres bars en raison de l\u2019abondance d\u2019alcool qu\u2019ils ont accumul\u00e9 en abusant de leur statut de franchise pour acheter des fournitures d\u2019alcool.<\/p>\n<p>\u00ab Dans un cas, il y a un diplomate en particulier qui a d\u00e9pens\u00e9 environ 2,4 millions de dollars en trois mois en alcool hors taxes \u00bb, a d\u00e9clar\u00e9 Monyela.<\/p>\n<p>S\u2019appuyant sur les calculs effectu\u00e9s par le South African Revenue Service (fisc), il a soulign\u00e9 que le pays perdait 6,7 millions de dollars US par mois \u00bb \u00e0 cause du commerce illicite d\u2019alcool.<\/p>\n<\/div>\n<p>Auteur: APA News<br \/>\n<a href=\"https:\/\/www.journalducameroun.com\/afsud-un-diplomate-epingle-pour-commerce-illicite-dalcool\/\">Cliquez ici pour lire l&rsquo;article depuis sa source.<\/a><\/p>\n","protected":false},"excerpt":{"rendered":"<p>Publi\u00e9 le 15.06.2021 \u00e0 18h18 par APA News Un diplomate bas\u00e9 en Afrique du Sud, dont l\u2019identit\u00e9 et le pays ont \u00e9t\u00e9 tenus secrets, a d\u00e9pens\u00e9 2,4 millions de dollars am\u00e9ricains en trois mois dans une vente ill\u00e9gale d\u2019alcool, a r\u00e9v\u00e9l\u00e9 mardi un haut responsable.Selon le porte-parole du minist\u00e8re des Relations internationales et de la [&hellip;]<\/p>\n","protected":false},"author":1965,"featured_media":0,"comment_status":"closed","ping_status":"closed","sticky":false,"template":"","format":"standard","meta":{"fifu_image_url":"","fifu_image_alt":"","footnotes":""},"categories":[73,82],"tags":[],"class_list":["post-118660","post","type-post","status-publish","format-standard","hentry","category-actualite","category-cameroun"],"_links":{"self":[{"href":"https:\/\/linitiative.ca\/International\/wp-json\/wp\/v2\/posts\/118660","targetHints":{"allow":["GET"]}}],"collection":[{"href":"https:\/\/linitiative.ca\/International\/wp-json\/wp\/v2\/posts"}],"about":[{"href":"https:\/\/linitiative.ca\/International\/wp-json\/wp\/v2\/types\/post"}],"author":[{"embeddable":true,"href":"https:\/\/linitiative.ca\/International\/wp-json\/wp\/v2\/users\/1965"}],"replies":[{"embeddable":true,"href":"https:\/\/linitiative.ca\/International\/wp-json\/wp\/v2\/comments?post=118660"}],"version-history":[{"count":0,"href":"https:\/\/linitiative.ca\/International\/wp-json\/wp\/v2\/posts\/118660\/revisions"}],"wp:attachment":[{"href":"https:\/\/linitiative.ca\/International\/wp-json\/wp\/v2\/media?parent=118660"}],"wp:term":[{"taxonomy":"category","embeddable":true,"href":"https:\/\/linitiative.ca\/International\/wp-json\/wp\/v2\/categories?post=118660"},{"taxonomy":"post_tag","embeddable":true,"href":"https:\/\/linitiative.ca\/International\/wp-json\/wp\/v2\/tags?post=118660"}],"curies":[{"name":"wp","href":"https:\/\/api.w.org\/{rel}","templated":true}]}}