{"id":118662,"date":"2021-06-15T16:18:02","date_gmt":"2021-06-15T20:18:02","guid":{"rendered":"https:\/\/linitiative.ca\/International\/lancement-a-abidjan-du-salon-de-larchitecture-et-du-batiment\/"},"modified":"2021-06-15T16:18:02","modified_gmt":"2021-06-15T20:18:02","slug":"lancement-a-abidjan-du-salon-de-larchitecture-et-du-batiment","status":"publish","type":"post","link":"https:\/\/linitiative.ca\/International\/lancement-a-abidjan-du-salon-de-larchitecture-et-du-batiment\/","title":{"rendered":"Lancement \u00e0 Abidjan du salon de l\u2019architecture et du b\u00e2timent"},"content":{"rendered":"<div readability=\"32\">\n<p>Publi\u00e9 le 15.06.2021 \u00e0 21h18 par APA News<\/p>\n<\/div>\n<div readability=\"117\">\n<p>La 8e \u00e9dition du salon de l\u2019architecture et du b\u00e2timent (Archibat 2021) a \u00e9t\u00e9 lanc\u00e9e, mardi \u00e0 Abidjan, sous le signe de la r\u00e9silience.<\/p>\n<p>Cette 8e \u00e9dition pr\u00e9vue du 08 au 11 d\u00e9cembre 2021 se d\u00e9roulera dans un grand h\u00f4tel de Cocody autour du th\u00e8me, \u00ab la fabrique de la ville aux professionnels \u00bb, \u00a0dans le respect des mesures barri\u00e8res li\u00e9es \u00e0 la crise sanitaire de la Covid-19, a annonc\u00e9 le pr\u00e9sident par int\u00e9rim du Conseil national de l\u2019ordre des architectes (CNOA), Gnol\u00e9ba Koupo qui avait \u00e0 ses c\u00f4t\u00e9s le Commissaire g\u00e9n\u00e9ral du salon, Isma\u00ebl Boga-N\u2019guessan.<\/p>\n<p>A propos du th\u00e8me de cette ann\u00e9e, M. Koupo a expliqu\u00e9 qu\u2019il a \u00e9t\u00e9 \u00ab choisi pour fournir un cadre permettant aux participants issus de diff\u00e9rents pays de la sous-r\u00e9gion ouest-africaine et d\u2019autres pays \u00e9trangers, de partager leurs exp\u00e9riences dans la lutte contre le ph\u00e9nom\u00e8ne de constructions anarchiques, qui ne respectent pas le cadre r\u00e9glementaire en vigueur (\u2026) \u00bb.<\/p>\n<p>Il permettra en outre de \u00ab r\u00e9fl\u00e9chir aux r\u00e9ponses et mesures politiques qu\u2019il serait urgent de prendre pour assainir les pratiques professionnelles dans ce secteur \u00bb.<\/p>\n<p>Pr\u00e9sentant le salon qui sera notamment marqu\u00e9 par une conf\u00e9rence de haut niveau et une exposition, le Commissaire g\u00e9n\u00e9ral, Isma\u00ebl Boga-N\u2019guessan a soulign\u00e9 que cette 8e \u00e9dition est plac\u00e9e sur le signe de la r\u00e9silience.<\/p>\n<p>En effet, a-t-il expliqu\u00e9, \u00ab nous avions deux d\u00e9fis \u00e0 relever : la crise sanitaire et l\u2019indisponibilit\u00e9 du site habituel, sur la route de l\u2019a\u00e9roport \u00bb. L\u2019offre reste identique \u00e0 celle des pr\u00e9c\u00e9dentes \u00e9ditions, a pr\u00e9cis\u00e9 M. Boga-N\u2019guessan.<\/p>\n<p>Le salon attend 25 mille visiteurs durant les quatre jours. En marge de l\u2019exposition, des activit\u00e9s sont pr\u00e9vues, notamment des ateliers et conf\u00e9rences, des panels, des pr\u00e9sentations de produits, des B to B et un concours du plus beau stand.<\/p>\n<p>\u00abPour couronner toutes ces activit\u00e9s, pour la premi\u00e8re fois \u00e0 Archibat, le Prix national de l\u2019architecture sera d\u00e9cern\u00e9 \u00bb, a indiqu\u00e9 le Commissaire g\u00e9n\u00e9ral.<\/p>\n<p>La note conceptuelle de la conf\u00e9rence de haut niveau comment\u00e9e par M. M\u2019Gbra N\u2019Guessan pr\u00e9sente le d\u00e9roulement de la conf\u00e9rence qui fera intervenir les professionnels de C\u00f4te d\u2019Ivoire, de la sous-r\u00e9gion et au-del\u00e0 sur le th\u00e8me principal et les sous-th\u00e8mes.<\/p>\n<p>Selon lui, l\u2019ampleur de la progression de l\u2019urbanisation dans le monde en g\u00e9n\u00e9ral et dans les pays en d\u00e9veloppement en particulier, appara\u00eet sans conteste, comme un d\u00e9fi majeur pour la construction de villes r\u00e9silientes et respectueuses des exigences de durabilit\u00e9, notamment \u00e9conomiques, sociales et environnementales.<\/p>\n<p>Chaque session de la conf\u00e9rence de haut niveau du salon Archibat 2021 offrira un large espace de r\u00e9flexion, de d\u00e9bats, de partage d\u2019exp\u00e9riences (\u2026).<\/p>\n<p>\u00a0Les \u00e9changes scientifiques de cette 8e \u00e9dition seront r\u00e9solument orient\u00e9s vers la recherche des principaux leviers de l\u2019acc\u00e9l\u00e9ration du changement autour du th\u00e8me retenu.<\/p>\n<p>Le salon Archibat a \u00e9t\u00e9 institu\u00e9 en 2007 et se tient tous les deux ans. Il est co-organis\u00e9 par le Conseil national de l\u2019ordre des architectes (CNOA) et l\u2019agence Axe Marketing.<\/p>\n<p>La CNOA est l\u2019organe de gestion et d\u2019administration de l\u2019Ordre des architectes de C\u00f4te d\u2019Ivoire, organisation professionnelle regroupant les architectes inscrits. \u00a0Cr\u00e9\u00e9e en 2001, Axes Marketing est une agence de marketing strat\u00e9gique &amp; op\u00e9rationnel et de formation.<\/p>\n<\/div>\n<p>Auteur: APA News<br \/>\n<a href=\"https:\/\/www.journalducameroun.com\/lancement-a-abidjan-du-salon-de-larchitecture-et-du-batiment\/\">Cliquez ici pour lire l&rsquo;article depuis sa source.<\/a><\/p>\n","protected":false},"excerpt":{"rendered":"<p>Publi\u00e9 le 15.06.2021 \u00e0 21h18 par APA News La 8e \u00e9dition du salon de l\u2019architecture et du b\u00e2timent (Archibat 2021) a \u00e9t\u00e9 lanc\u00e9e, mardi \u00e0 Abidjan, sous le signe de la r\u00e9silience. Cette 8e \u00e9dition pr\u00e9vue du 08 au 11 d\u00e9cembre 2021 se d\u00e9roulera dans un grand h\u00f4tel de Cocody autour du th\u00e8me, \u00ab la [&hellip;]<\/p>\n","protected":false},"author":1965,"featured_media":0,"comment_status":"closed","ping_status":"closed","sticky":false,"template":"","format":"standard","meta":{"fifu_image_url":"","fifu_image_alt":"","footnotes":""},"categories":[73,82],"tags":[],"class_list":["post-118662","post","type-post","status-publish","format-standard","hentry","category-actualite","category-cameroun"],"_links":{"self":[{"href":"https:\/\/linitiative.ca\/International\/wp-json\/wp\/v2\/posts\/118662","targetHints":{"allow":["GET"]}}],"collection":[{"href":"https:\/\/linitiative.ca\/International\/wp-json\/wp\/v2\/posts"}],"about":[{"href":"https:\/\/linitiative.ca\/International\/wp-json\/wp\/v2\/types\/post"}],"author":[{"embeddable":true,"href":"https:\/\/linitiative.ca\/International\/wp-json\/wp\/v2\/users\/1965"}],"replies":[{"embeddable":true,"href":"https:\/\/linitiative.ca\/International\/wp-json\/wp\/v2\/comments?post=118662"}],"version-history":[{"count":0,"href":"https:\/\/linitiative.ca\/International\/wp-json\/wp\/v2\/posts\/118662\/revisions"}],"wp:attachment":[{"href":"https:\/\/linitiative.ca\/International\/wp-json\/wp\/v2\/media?parent=118662"}],"wp:term":[{"taxonomy":"category","embeddable":true,"href":"https:\/\/linitiative.ca\/International\/wp-json\/wp\/v2\/categories?post=118662"},{"taxonomy":"post_tag","embeddable":true,"href":"https:\/\/linitiative.ca\/International\/wp-json\/wp\/v2\/tags?post=118662"}],"curies":[{"name":"wp","href":"https:\/\/api.w.org\/{rel}","templated":true}]}}