{"id":118663,"date":"2021-06-15T08:15:48","date_gmt":"2021-06-15T12:15:48","guid":{"rendered":"https:\/\/linitiative.ca\/International\/comptes-daffectation-speciale-100-milliards-de-plus-pour-le-fonctionnement-du-fonds-covid\/"},"modified":"2021-06-15T08:15:48","modified_gmt":"2021-06-15T12:15:48","slug":"comptes-daffectation-speciale-100-milliards-de-plus-pour-le-fonctionnement-du-fonds-covid","status":"publish","type":"post","link":"https:\/\/linitiative.ca\/International\/comptes-daffectation-speciale-100-milliards-de-plus-pour-le-fonctionnement-du-fonds-covid\/","title":{"rendered":"Comptes d\u2019affectation sp\u00e9ciale : 100 milliards de plus pour le fonctionnement du fonds Covid"},"content":{"rendered":"<p>Sauver des vies ou sauver l\u2019\u00e9conomie ? Tel est le choix corn\u00e9lien que les Etats devaient op\u00e9rer au d\u00e9but de la pand\u00e9mie du coronavirus, fin d\u00e9cembre 2019. Avec le premier cas d\u00e9clar\u00e9 le 6 mars 2020 et la faible progression du fl\u00e9au, le Cameroun a vite fait son choix: l\u2019\u00e9conomie d\u2019abord. Plus d\u2019un an apr\u00e8s, les donn\u00e9es ont chang\u00e9. A la lecture de l\u2019ordonnance du 7 juin 2021, on est tent\u00e9 de dire que le pr\u00e9sident de la R\u00e9publique vient de changer de cap. D\u00e9sormais, c\u2019est la sant\u00e9 avant tout. Alors que le plafond des ressources destin\u00e9es \u00e0 approvisionner le Fonds de solidarit\u00e9 national pour la lutte contre le Coronavirus et ses r\u00e9percussions \u00e9conomiques et sociales \u00e9tait jusque-l\u00e0 fix\u00e9 \u00e0 180 milliards de FCFA, la derni\u00e8re ordonnance pr\u00e9sidentielle porte ce plafond \u00e0 200 milliards pour l\u2019exercice 2021.<\/p>\n<p><strong>Lire aussi<\/strong> : <strong><a href=\"https:\/\/ecomatin.net\/gouvernance-une-enquete-judiciaire-contre-les-gestionnaires-indelicats-des-fonds-covid\/\">Gouvernance : une enqu\u00eate judiciaire contre les gestionnaires ind\u00e9licats des fonds Covid<\/a><\/strong><\/p>\n<p>De m\u00eame, la dotation de 150 milliards inscrite dans la loi de finance initiale ne semble plus suffisante. Le fonds b\u00e9n\u00e9ficie \u00e0 pr\u00e9sent de 200 milliards de FCFA dans le budget rectificatif. En plus du versement de 150 milliards op\u00e9r\u00e9 sur le budget g\u00e9n\u00e9ral de l\u2019Etat au d\u00e9part, le pr\u00e9sident a d\u00e9cid\u00e9 d\u2019un nouveau versement de 10 milliards \u00e0 ce Compte d\u2019affectation sp\u00e9ciale (CAS), \u00e0 partir des ressources suppl\u00e9mentaires engrang\u00e9es dans le budget g\u00e9n\u00e9ral de l\u2019Etat. Au d\u00e9part, ce CAS devait uniquement \u00eatre approvisionn\u00e9 sur ressources propres de l\u2019Etat. Mais \u00e0 travers cette ordonnance, l\u2019on apprend que 40 milliards issus des ressources du Fonds de concours lui sont allou\u00e9es soit 25 milliards de la Banque mondiale et 15 milliards de la Banque de d\u00e9veloppement des Etats de l\u2019Afrique centrale (Bdeac). De quoi donner un coup de fouet \u00e0 la riposte gouvernementale contre la pand\u00e9mie de la Covid-19.<\/p>\n<p><strong>Lire aussi<\/strong> : <strong><a href=\"https:\/\/ecomatin.net\/gestion-du-fonds-covid-19-accuse-de-malversations-le-minresi-developpe-ses-arguments-de-defense\/\">Gestion du fonds Covid-19 : accus\u00e9 de malversations, le Minresi d\u00e9veloppe ses arguments de d\u00e9fense<\/a><\/strong><\/p>\n<p>De fait, la r\u00e9partition des 200 milliards du Fonds de solidarit\u00e9 national pour la lutte contre le Coronavirus et ses r\u00e9percussions \u00e9conomiques et sociales ne laisse pas de doute sur l\u2019ordre des priorit\u00e9s. Le renforcement du syst\u00e8me sanitaire re\u00e7oit la part du lion soit 170 milliards de FCFA contre seulement 35 milliards dans le budget initial; la r\u00e9silience \u00e9conomique et financi\u00e8re voit son enveloppe fondre comme peau de chagrin, passant de 100 milliards dans le budget initial \u00e0 seulement 10 milliards \u00e0 pr\u00e9sent; la r\u00e9silience sociale obtient 5 milliards de plus et b\u00e9n\u00e9ficie d\u00e9sormais de 15 milliards tandis que l\u2019enveloppe allou\u00e9e au renforcement de la recherche et de l\u2019innovation reste inchang\u00e9e, \u00e0 5 milliards de FCFA.<\/p>\n<p><strong>Lire aussi<\/strong> : <strong><a href=\"https:\/\/ecomatin.net\/le-consupe-va-auditer-la-gestion-des-180-milliards-du-fonds-special-covid-19\/\">Le Consupe va auditer la gestion des 180 milliards du Fonds sp\u00e9cial Covid-19<\/a><\/strong><\/p>\n<p>En termes de grandes masses, le budget de fonctionnement voit son enveloppe passer de 63,966 milliards \u00e0 163,966 milliards de FCFA pour cet exercice soit un ajout de 100 milliards. Cela s\u2019explique par les 50 milliards issus du budget g\u00e9n\u00e9ral de l\u2019Etat, de la Banque mondiale et de la Bdeac auxquels le pr\u00e9sident de la R\u00e9publique a d\u00e9cid\u00e9 50 autres milliards, retir\u00e9s du budget d\u2019investissement. Lequel passe ainsi de 131,234 milliards \u00e0 81,234 milliards de FCFA.<\/p>\n<p>Auteur: Philipe NSOA<br \/>\n<a href=\"https:\/\/ecomatin.net\/comptes-daffectation-speciale-100-milliardss-de-plus-pour-le-fonctionnement-du-fonds-covid\/\">Cliquez ici pour lire l&rsquo;article depuis sa source.<\/a><\/p>\n","protected":false},"excerpt":{"rendered":"<p>Sauver des vies ou sauver l\u2019\u00e9conomie ? Tel est le choix corn\u00e9lien que les Etats devaient op\u00e9rer au d\u00e9but de la pand\u00e9mie du coronavirus, fin d\u00e9cembre 2019. Avec le premier cas d\u00e9clar\u00e9 le 6 mars 2020 et la faible progression du fl\u00e9au, le Cameroun a vite fait son choix: l\u2019\u00e9conomie d\u2019abord. Plus d\u2019un an apr\u00e8s, [&hellip;]<\/p>\n","protected":false},"author":1969,"featured_media":0,"comment_status":"closed","ping_status":"closed","sticky":false,"template":"","format":"standard","meta":{"fifu_image_url":"","fifu_image_alt":"","footnotes":""},"categories":[82,78],"tags":[],"class_list":["post-118663","post","type-post","status-publish","format-standard","hentry","category-cameroun","category-economie"],"_links":{"self":[{"href":"https:\/\/linitiative.ca\/International\/wp-json\/wp\/v2\/posts\/118663","targetHints":{"allow":["GET"]}}],"collection":[{"href":"https:\/\/linitiative.ca\/International\/wp-json\/wp\/v2\/posts"}],"about":[{"href":"https:\/\/linitiative.ca\/International\/wp-json\/wp\/v2\/types\/post"}],"author":[{"embeddable":true,"href":"https:\/\/linitiative.ca\/International\/wp-json\/wp\/v2\/users\/1969"}],"replies":[{"embeddable":true,"href":"https:\/\/linitiative.ca\/International\/wp-json\/wp\/v2\/comments?post=118663"}],"version-history":[{"count":0,"href":"https:\/\/linitiative.ca\/International\/wp-json\/wp\/v2\/posts\/118663\/revisions"}],"wp:attachment":[{"href":"https:\/\/linitiative.ca\/International\/wp-json\/wp\/v2\/media?parent=118663"}],"wp:term":[{"taxonomy":"category","embeddable":true,"href":"https:\/\/linitiative.ca\/International\/wp-json\/wp\/v2\/categories?post=118663"},{"taxonomy":"post_tag","embeddable":true,"href":"https:\/\/linitiative.ca\/International\/wp-json\/wp\/v2\/tags?post=118663"}],"curies":[{"name":"wp","href":"https:\/\/api.w.org\/{rel}","templated":true}]}}