{"id":118666,"date":"2021-06-15T10:05:49","date_gmt":"2021-06-15T14:05:49","guid":{"rendered":"https:\/\/linitiative.ca\/International\/depenses-publiques-116-milliards-de-plus-pour-le-budget-de-fonctionnement-en-2021\/"},"modified":"2021-06-15T10:05:49","modified_gmt":"2021-06-15T14:05:49","slug":"depenses-publiques-116-milliards-de-plus-pour-le-budget-de-fonctionnement-en-2021","status":"publish","type":"post","link":"https:\/\/linitiative.ca\/International\/depenses-publiques-116-milliards-de-plus-pour-le-budget-de-fonctionnement-en-2021\/","title":{"rendered":"D\u00e9penses publiques : 116 milliards de plus pour le budget de fonctionnement en 2021"},"content":{"rendered":"<p>Ainsi donc le budget de l\u2019Etat pour l\u2019exercice 2021 prend du volume. 565,2 milliards de FCFA. Comme d\u2019habitude, la question que le citoyen ordinaire se pose est celle de savoir ce que le gouvernement va faire de ces ressources suppl\u00e9mentaires. La lecture de la nouvelle ventilation, par nature \u00e9conomique, du budget modifi\u00e9 fait ressortir que les ressources additionnelles sont r\u00e9parties entre le remboursement de la dette (448,7 milliards de FCFA) et les d\u00e9penses courantes (116,5 milliards de FCFA). Ainsi, l\u2019enveloppe d\u00e9di\u00e9e au remboursement de la dette passe de 683 222 424 000 FCFA dans le budget initial \u00e0 1 131 922 424 FCFA d\u00e9sormais. Dans le d\u00e9tail et comme il fallait s\u2019y attendre, la dette ext\u00e9rieure s\u2019en tire avec la part du lion (59,62%) contre 40,38 pour la dette int\u00e9rieure.<\/p>\n<p><strong>Lire aussi<\/strong> : <strong><a href=\"https:\/\/ecomatin.net\/budget-rectificatif-2021-petrole-et-emprunts-exterieurs-pour-renflouer-les-caisses-de-letat\/\">Budget rectificatif\u00a02021 : P\u00e9trole et emprunts ext\u00e9rieurs pour renflouer les caisses de l\u2019Etat<\/a><\/strong><\/p>\n<p>Sur les 448,7 milliards, 267,5 milliards sont consacr\u00e9s au remboursement du principal de la dette \u00e0 long et moyen terme ext\u00e9rieur. Dans cette fraction, le remboursement de la dette ext\u00e9rieure bilat\u00e9ral re\u00e7oit 257,5 milliards de FCFA. Ce qui porte son enveloppe \u00e0 515,97 milliards dans le budget modifi\u00e9. La dette ext\u00e9rieure multilat\u00e9rale re\u00e7oit 10 milliards. Ce qui porte son volume de remboursement \u00e0 plus de 80 milliards dans le nouveau budget. De m\u00eame, 181,2 milliards sont r\u00e9serv\u00e9s au remboursement du principal de la dette \u00e0 long et moyen terme int\u00e9rieure, portant le total de remboursement \u00e0 535,958 milliards dans le budget modifi\u00e9. Toutefois il faut pr\u00e9ciser qu\u2019ici, seuls sont concern\u00e9s les remboursements des \u201cemprunts int\u00e9rieurs\u201d \u00e0 long et moyen terme. En d\u2019autres termes, pour ce qui est du capital de la dette pour le compte des tiers, il faut se contenter des 4,637 milliards inscrits dans la loi de finances initiales.<\/p>\n<p><strong>Lire aussi<\/strong> : <strong><a href=\"https:\/\/ecomatin.net\/loi-de-finances-rectificative-les-explicationss-du-directeur-du-budget\/\">Loi de finances rectificative : les explications du directeur du Budget<\/a><\/strong><\/p>\n<p>Les autres 116,5 milliards de FCFA viennent gonfler la ligne \u201cD\u00e9penses courantes.\u201d Ces ressources devraient \u00eatre utilis\u00e9es pour les \u201cop\u00e9rations courantes\u201d dont l\u2019enveloppe passe de 2 634,778 milliards \u00e0 2 751,278 milliards de FCFA. Dans le d\u00e9tail, 100 milliards de FCFA sont affect\u00e9s aux \u201ctransferts courants aux administrations, entreprises et m\u00e9nages\u201d portant ainsi le montant total de cette rubrique \u00e0 129,251 milliards de FCFA. 55 milliards sont affect\u00e9s aux provisions. Cependant, le gouvernement pr\u00e9voit de r\u00e9duire 38,5 milliards sur les \u201cfrais financiers ordinaires\u201d. Ce qui ram\u00e8ne cette rubrique \u00e0 105 milliards de FCFA.<\/p>\n<p><strong>Paix sociale<\/strong><\/p>\n<p>On comprend ainsi que la contrainte du c\u00f4t\u00e9 des ressources lors de l\u2019\u00e9laboration du projet de budget explique sans doute les arbitrages du c\u00f4t\u00e9 des d\u00e9penses entre les urgences, le minimum indispensable, et la priorit\u00e9 de certaines autres rubriques, dans la marge \u00e9troite laiss\u00e9e par les charges r\u00e9currentes. R\u00e9sultat, la rubrique \u201ctransferts courants aux administrations, entreprises et m\u00e9nages\u201d, a d\u00fb se contenter du strict minimum.<\/p>\n<p><strong>Lire aussi<\/strong> : <strong><a href=\"https:\/\/ecomatin.net\/comptes-daffectation-speciale-100-milliardss-de-plus-pour-le-fonctionnement-du-fonds-covid\">Comptes d\u2019affectation sp\u00e9ciale : 100 milliards de plus pour le fonctionnement du fonds Covid<\/a><\/strong><\/p>\n<p>Or, dans le souci de garantir l\u2019\u00e9quilibre social, l\u2019Etat administre les prix dans certains secteurs d\u2019activit\u00e9s des entreprises publiques. De m\u00eame, certaines entreprises publiques sont dans l\u2019obligation de prendre en charge le co\u00fbt des missions de service public dans le cadre de leur exploitation. Il s\u2019agit par exemple des travaux d\u2019entretien routier ; la construction des \u00e9coles, des dispensaires et des centres de sant\u00e9 ; l\u2019op\u00e9rationnalisation de ces structures socio-\u00e9ducatives ; la prise en charge des enseignants et du personnel m\u00e9dical ; la mise \u00e0 disposition des logements au profit de certaines autorit\u00e9s ; la prise en charge des forces de s\u00e9curit\u00e9, etc. Ce qui n\u2019est pas sans cons\u00e9quences sur la performance des entreprises concern\u00e9es. En outre, le gouvernement a lanc\u00e9 depuis quelques ann\u00e9es un programme de transferts mon\u00e9taires afin de lutter contre l\u2019extr\u00eame pauvret\u00e9. Sur la p\u00e9riode 2020-2022, au moins 240 000 personnes sont cibl\u00e9es \u00e0 travers les 40 000 m\u00e9nages b\u00e9n\u00e9ficiaires.<\/p>\n<p><strong>Lire aussi<\/strong> : <strong><a href=\"https:\/\/ecomatin.net\/assemblee-nationale-pourquoi-un-debat-dorientation-budgetaire\/\">Assembl\u00e9e nationale : pourquoi un D\u00e9bat d\u2019orientation budg\u00e9taire ?<\/a><\/strong><\/p>\n<p>Auteur: Philipe NSOA<br \/>\n<a href=\"https:\/\/ecomatin.net\/depenses-publiques-116-milliards-de-pluss-pour-le-budget-de-fonctionnement-en-2021\/\">Cliquez ici pour lire l&rsquo;article depuis sa source.<\/a><\/p>\n","protected":false},"excerpt":{"rendered":"<p>Ainsi donc le budget de l\u2019Etat pour l\u2019exercice 2021 prend du volume. 565,2 milliards de FCFA. Comme d\u2019habitude, la question que le citoyen ordinaire se pose est celle de savoir ce que le gouvernement va faire de ces ressources suppl\u00e9mentaires. La lecture de la nouvelle ventilation, par nature \u00e9conomique, du budget modifi\u00e9 fait ressortir que [&hellip;]<\/p>\n","protected":false},"author":1969,"featured_media":0,"comment_status":"closed","ping_status":"closed","sticky":false,"template":"","format":"standard","meta":{"fifu_image_url":"","fifu_image_alt":"","footnotes":""},"categories":[82,78],"tags":[],"class_list":["post-118666","post","type-post","status-publish","format-standard","hentry","category-cameroun","category-economie"],"_links":{"self":[{"href":"https:\/\/linitiative.ca\/International\/wp-json\/wp\/v2\/posts\/118666","targetHints":{"allow":["GET"]}}],"collection":[{"href":"https:\/\/linitiative.ca\/International\/wp-json\/wp\/v2\/posts"}],"about":[{"href":"https:\/\/linitiative.ca\/International\/wp-json\/wp\/v2\/types\/post"}],"author":[{"embeddable":true,"href":"https:\/\/linitiative.ca\/International\/wp-json\/wp\/v2\/users\/1969"}],"replies":[{"embeddable":true,"href":"https:\/\/linitiative.ca\/International\/wp-json\/wp\/v2\/comments?post=118666"}],"version-history":[{"count":0,"href":"https:\/\/linitiative.ca\/International\/wp-json\/wp\/v2\/posts\/118666\/revisions"}],"wp:attachment":[{"href":"https:\/\/linitiative.ca\/International\/wp-json\/wp\/v2\/media?parent=118666"}],"wp:term":[{"taxonomy":"category","embeddable":true,"href":"https:\/\/linitiative.ca\/International\/wp-json\/wp\/v2\/categories?post=118666"},{"taxonomy":"post_tag","embeddable":true,"href":"https:\/\/linitiative.ca\/International\/wp-json\/wp\/v2\/tags?post=118666"}],"curies":[{"name":"wp","href":"https:\/\/api.w.org\/{rel}","templated":true}]}}