{"id":118667,"date":"2021-06-15T12:30:13","date_gmt":"2021-06-15T16:30:13","guid":{"rendered":"https:\/\/linitiative.ca\/International\/impacts-covid-19-les-adc-enregistrent-des-pertes-seches-de-17-milliards-de-f-en-2020\/"},"modified":"2021-06-15T12:30:13","modified_gmt":"2021-06-15T16:30:13","slug":"impacts-covid-19-les-adc-enregistrent-des-pertes-seches-de-17-milliards-de-f-en-2020","status":"publish","type":"post","link":"https:\/\/linitiative.ca\/International\/impacts-covid-19-les-adc-enregistrent-des-pertes-seches-de-17-milliards-de-f-en-2020\/","title":{"rendered":"Impacts Covid-19 : les ADC enregistrent des pertes s\u00e8ches de 17 milliards de F en 2020"},"content":{"rendered":"<p>C\u2019est une autre entreprise qui a subi les affres de la covid-19 au cours de l\u2019ann\u00e9e 2020. Rendu au deuxi\u00e8me trimestre 2021, le Directeur g\u00e9n\u00e9ral des A\u00e9roports du Cameroun (ADC SA),\u00a0Thomas Owona Assoumou a pr\u00e9sid\u00e9 le 08 juin 2021, \u00e0 l\u2019a\u00e9roport international de Yaound\u00e9 Nsimalen une r\u00e9union de concertation du comit\u00e9 de direction, relative \u00e0 l\u2019orientation strat\u00e9gique post covid-19. \u00a0En effet, il \u00e9tait question pour le DG, d\u2019avoir l\u2019aper\u00e7u r\u00e9el de\u00a0 l\u2019impact de la covid-19 sur les activit\u00e9s des ADC\u00a0; d\u2019examiner \u00a0dans la m\u00eame lanc\u00e9e, les pr\u00e9visions sur la relance des activit\u00e9s et d\u2019\u00e9valuer le niveau d\u2019avancement de certains projets cl\u00e9s de la soci\u00e9t\u00e9.\u00a0<\/p>\n<p><strong>Lire aussi<\/strong> : <strong><a href=\"https:\/\/ecomatin.net\/adc-investit-48-milliards-pour-une-nouvelle-centrale-electrique-a-laeroport-de-yaounde-nsimalen\/\">ADC investit 4,8 milliards pour une nouvelle centrale \u00e9lectrique \u00e0 l\u2019a\u00e9roport de Yaound\u00e9-Nsimalen<\/a><\/strong><\/p>\n<p>L\u2019entreprise a r\u00e9v\u00e9l\u00e9 au cours de cette r\u00e9union, avoir enregistr\u00e9e des pertes s\u00e8ches en 2020 de l\u2019ordre de -49%, soit 17 milliards de Fcfa, d\u00fb \u00e0 la pand\u00e9mie \u00e0 coronavirus, qui a plomb\u00e9 le secteur du transport a\u00e9rien. \u00ab\u00a0L\u2019argumentaire du directeur de la comptabilit\u00e9 et des Finances\u00a0 met en exergue la r\u00e9silience de ADC SA qui affiche des pertes s\u00e8ches de l\u2019ordre de -49% en 2020.\u00a0 En valeur absolue pr\u00e8s de 17 milliards de FCFA\u00a0\u00bb, note l\u2019entreprise. Cependant, elle indique une am\u00e9lioration de -19% durant les quatre premiers mois de l\u2019ann\u00e9e 2021, ce qui laisse envisager une lueur d\u2019espoir pour la soci\u00e9t\u00e9. \u00ab\u00a0Mais une l\u00e9g\u00e8re am\u00e9lioration est observ\u00e9e depuis avril 2021 soit -29%. De ces pr\u00e9visions, le top management des ADC SA reste optimiste, et ambitionne poursuivre son plan d\u2019action 2021\u00a0\u00bb, indique les ADC.<\/p>\n<p>La soci\u00e9t\u00e9 en charge des a\u00e9roports du Cameroun souligne par la m\u00eame occasion, qu\u2019elle compte rattraper une partie de ce gap en initiant un programme de recouvrement de ses cr\u00e9ances.\u00a0\u00ab\u00a0A cet effet, un vaste programme de recouvrement des cr\u00e9ances de ADC SA\u00a0a \u00e9t\u00e9 lanc\u00e9\u00a0\u00bb, fait savoir la structure. Sur cet aspect des cr\u00e9ances, le rapport de la Commission Technique de R\u00e9habilitation des Entreprises du secteur public et parapublic (CTR), en 2019, r\u00e9v\u00e8le que le montant brut des cr\u00e9ances des ADC \u00e9tait \u00a0de \u00a045, 5 milliards de Fcfa. \u00ab\u00a0Les clients douteux et litigieux de l\u2019entreprise, au rang desquels figurent CAMAIR-Co et l\u2019ex-CAMAIR ont \u00e9t\u00e9 provisionn\u00e9s \u00e0 100%. La cr\u00e9ance des ADC sur CAMAIR-Co au 31 d\u00e9cembre 2019 se chiffre \u00a0\u00e0 27,2 \u00a0milliards de F soit une\u00a0 augmentation de 3,1 milliards de F, environ 13% par rapport \u00e0 2018. De plus, la cr\u00e9ance de l\u2019entreprise sur l\u2019ex-CAMAIR qui se chiffre \u00e0 \u00a0FCFA 2 557 670 707 n\u2019est pas encore recouvr\u00e9e en raison de la poursuite des op\u00e9rations de la liquidation de l\u2019ex-CAMAIR\u00a0\u00bb, fait savoir la CTR.<\/p>\n<p><strong>Lire aussi<\/strong> : <strong><a href=\"https:\/\/ecomatin.net\/adc-s-a-acquiert-de-nouveaux-equipements-pour-moderniser-les-plateformes-aeroportuaires-du-cameroun\/\">ADC S.A acquiert de nouveaux \u00e9quipements pour moderniser les plateformes a\u00e9roportuaires du Cameroun<\/a><\/strong><\/p>\n<p>Selon les donn\u00e9es de la CTR, l\u2019\u00e9tat financier des ADC au 31 d\u00e9cembre 2019 affiche, un chiffre d\u2019affaires de 34,7 milliards\u00a0 de Fcfa. Chiffre qui a connu une diminution de 2% par rapport \u00e0 2018, en raison de la baisse du trafic en 2019 caract\u00e9ris\u00e9e par une diminution de 35% du nombre de passagers dans le trafic domestique, de 2% des passagers \u00e0 l\u2019international et \u00a0de 15% du fret international. A cela s\u2019ajoutait \u00a0la diminution des mouvements locaux de 2% et internationaux de 1% en raison de la diminution des activit\u00e9s de la compagnie nationale CAMAIR-Co, et l\u2019annulation des vols de certaines compagnies.<\/p>\n<p>Il convient de rappeler que pour relever cette entreprise publique, un plan d\u2019action strat\u00e9gique 2021- 2024 est en cours de finalisation. Ceci \u00e0 l\u2019effet de donner plus de visibilit\u00e9 et d\u2019\u00e9clat aux actions de modernisation\u00a0 des ADC SA.<\/p>\n<p><strong>Lire aussi<\/strong> : <strong><a href=\"https:\/\/ecomatin.net\/adc-acquiert-3-loaders-dune-valeur-dun-milliard-de-fcfa\/\">ADC acquiert 3 loaders d\u2019une valeur d\u2019un milliard de FCFA<\/a><\/strong><\/p>\n<p>Auteur: Amina MALLOUM<br \/>\n<a href=\"https:\/\/ecomatin.net\/impacts-covid-19-les-adc-enregistrent-des-pertes-seches-de-17-milliards-de-f-en-2020\/\">Cliquez ici pour lire l&rsquo;article depuis sa source.<\/a><\/p>\n","protected":false},"excerpt":{"rendered":"<p>C\u2019est une autre entreprise qui a subi les affres de la covid-19 au cours de l\u2019ann\u00e9e 2020. Rendu au deuxi\u00e8me trimestre 2021, le Directeur g\u00e9n\u00e9ral des A\u00e9roports du Cameroun (ADC SA),\u00a0Thomas Owona Assoumou a pr\u00e9sid\u00e9 le 08 juin 2021, \u00e0 l\u2019a\u00e9roport international de Yaound\u00e9 Nsimalen une r\u00e9union de concertation du comit\u00e9 de direction, relative \u00e0 [&hellip;]<\/p>\n","protected":false},"author":1969,"featured_media":0,"comment_status":"closed","ping_status":"closed","sticky":false,"template":"","format":"standard","meta":{"fifu_image_url":"","fifu_image_alt":"","footnotes":""},"categories":[82,78],"tags":[],"class_list":["post-118667","post","type-post","status-publish","format-standard","hentry","category-cameroun","category-economie"],"_links":{"self":[{"href":"https:\/\/linitiative.ca\/International\/wp-json\/wp\/v2\/posts\/118667","targetHints":{"allow":["GET"]}}],"collection":[{"href":"https:\/\/linitiative.ca\/International\/wp-json\/wp\/v2\/posts"}],"about":[{"href":"https:\/\/linitiative.ca\/International\/wp-json\/wp\/v2\/types\/post"}],"author":[{"embeddable":true,"href":"https:\/\/linitiative.ca\/International\/wp-json\/wp\/v2\/users\/1969"}],"replies":[{"embeddable":true,"href":"https:\/\/linitiative.ca\/International\/wp-json\/wp\/v2\/comments?post=118667"}],"version-history":[{"count":0,"href":"https:\/\/linitiative.ca\/International\/wp-json\/wp\/v2\/posts\/118667\/revisions"}],"wp:attachment":[{"href":"https:\/\/linitiative.ca\/International\/wp-json\/wp\/v2\/media?parent=118667"}],"wp:term":[{"taxonomy":"category","embeddable":true,"href":"https:\/\/linitiative.ca\/International\/wp-json\/wp\/v2\/categories?post=118667"},{"taxonomy":"post_tag","embeddable":true,"href":"https:\/\/linitiative.ca\/International\/wp-json\/wp\/v2\/tags?post=118667"}],"curies":[{"name":"wp","href":"https:\/\/api.w.org\/{rel}","templated":true}]}}