{"id":118670,"date":"2021-06-16T05:30:00","date_gmt":"2021-06-16T09:30:00","guid":{"rendered":"https:\/\/linitiative.ca\/International\/la-21e-edition-sous-le-signe-de-lalgerie-chante-leurope\/"},"modified":"2021-06-16T05:30:00","modified_gmt":"2021-06-16T09:30:00","slug":"la-21e-edition-sous-le-signe-de-lalgerie-chante-leurope","status":"publish","type":"post","link":"https:\/\/linitiative.ca\/International\/la-21e-edition-sous-le-signe-de-lalgerie-chante-leurope\/","title":{"rendered":"La 21e \u00e9dition sous le signe de \u201cL\u2019Alg\u00e9rie chante l\u2019Europe\u201d"},"content":{"rendered":"<div id=\"originalText\" readability=\"84\">\n<p>Apr\u00e8s une ann\u00e9e d\u2019absence en raison de la crise sanitaire, le festival europ\u00e9en fait son come-back du 24 juin au 2 juillet prochain, sur la sc\u00e8ne du Th\u00e9\u00e2tre national alg\u00e9rien (TNA). Organis\u00e9e par la d\u00e9l\u00e9gation de l\u2019Union europ\u00e9enne en Alg\u00e9rie, en coop\u00e9ration avec les services culturels des \u00c9tats membres, cette 21e \u00e9dition sera plac\u00e9e sous le th\u00e8me de \u201cL\u2019Alg\u00e9rie chante l\u2019Europe\u201d. \u00c0 ce propos, il est mentionn\u00e9 dans le communiqu\u00e9 de presse adress\u00e9 \u00e0 notre r\u00e9daction que pour cette nouvelle \u00e9dition \u201cdes voix alg\u00e9riennes de tout le pays revisiteront le patrimoine musical europ\u00e9en \u00e0 travers des repr\u00e9sentations diversifi\u00e9es combinant ra\u00ef, rock, pop, gnaoui, en passant par la musique classique, andalouse, kabyle ou encore chaouie\u201d. \u00c0 ce propos, le coup d\u2019envoi de cette manifestation sera donn\u00e9 par le l\u00e9gendaire groupe de Sidi Bel-Abb\u00e8s, Ra\u00efna Ra\u00ef.<\/p>\n<p>Pour les autres soir\u00e9es, suivront les artistes des 14 \u00c9tats membres qui prennent part \u00e0 ce 21e festival. On peut citer Ahellil Baba (chant religieux), Lamia A\u00eft Amara et Zakia Kara Terki (andalou), Iwal (chaoui), Salim Dada and Cie (oriental), Hind and Algerio (fado), Orchestre symphonique Acima (classique), Garage Band (pop\/rock), Dimastand (reggae\/gnawa). La cl\u00f4ture sera quant \u00e0 elle ponctu\u00e9e de la production d\u2019un orchestre de jeunes talents (musique du monde), \u201cconstitu\u00e9 \u00e0 l\u2019occasion, et montrera sur sc\u00e8ne avec une programmation surprise\u201d. \u00c0 noter que le festival sera retransmis pour la \u201cpremi\u00e8re fois sur une cha\u00eene de t\u00e9l\u00e9vision, El Djazairia One, qui assurera la diffusion, en diff\u00e9r\u00e9, de toutes les repr\u00e9sentations musicales au programme\u201d, est-il indiqu\u00e9. Pour rappel, le festival culturel europ\u00e9en se tenait depuis quelques ann\u00e9es \u00e0 l\u2019Oref. Au bout de vingt ans, il a conquis un public averti de m\u00e9lomanes.<\/p>\n<p>La sc\u00e8ne d\u2019Ibn Zeydoun a vu d\u00e9filer des vedettes telles que Samira Brahmia, Djamel Laroussi, Gaada Diwan B\u00e9char ou encore l\u2019Orchestre symphonique de Barb\u00e8s (ONB)&#8230; \u201cEn plus d\u2019\u00eatre une opportunit\u00e9 de promotion du dialogue, de la pluralit\u00e9 et la diversit\u00e9 culturelle alg\u00e9ro-europ\u00e9enne, l\u2019\u00e9v\u00e9nement se veut \u00eatre \u00e9galement un soutien au monde artistique qui a \u00e9t\u00e9 s\u00e9v\u00e8rement touch\u00e9 par les effets de la pand\u00e9mie mondiale\u201d, indiquent les organisateurs. \u00c0 noter qu\u2019en raison du contexte sanitaire, un protocole \u201cstrict\u201d a \u00e9t\u00e9 mis en place afin d\u2019\u201cassurer\u201d le respect des mesures de pr\u00e9vention. \u00c0 ce titre, la billetterie sera ouverte de 10h \u00e0 16h uniquement, seule la moiti\u00e9 des si\u00e8ges sera occup\u00e9e durant les concerts, le port du masque et l\u2019utilisation du gel hydroalcoolique seront obligatoires \u00e0 l\u2019entr\u00e9e du TNA et l\u2019acc\u00e8s sera interdit aux enfants de moins de 12 ans.\u00a0<\/p>\n<p class=\"c6\"><strong>R. C.<\/strong><\/p>\n<\/div>\n<div id=\"text_core\" readability=\"84\">\n<p>Apr\u00e8s une ann\u00e9e d\u2019absence en raison de la crise sanitaire, le festival europ\u00e9en fait son come-back du 24 juin au 2 juillet prochain, sur la sc\u00e8ne du Th\u00e9\u00e2tre national alg\u00e9rien (TNA). Organis\u00e9e par la d\u00e9l\u00e9gation de l\u2019Union europ\u00e9enne en Alg\u00e9rie, en coop\u00e9ration avec les services culturels des \u00c9tats membres, cette 21e \u00e9dition sera plac\u00e9e sous le th\u00e8me de \u201cL\u2019Alg\u00e9rie chante l\u2019Europe\u201d. \u00c0 ce propos, il est mentionn\u00e9 dans le communiqu\u00e9 de presse adress\u00e9 \u00e0 notre r\u00e9daction que pour cette nouvelle \u00e9dition \u201cdes voix alg\u00e9riennes de tout le pays revisiteront le patrimoine musical europ\u00e9en \u00e0 travers des repr\u00e9sentations diversifi\u00e9es combinant ra\u00ef, rock, pop, gnaoui, en passant par la musique classique, andalouse, kabyle ou encore chaouie\u201d. \u00c0 ce propos, le coup d\u2019envoi de cette manifestation sera donn\u00e9 par le l\u00e9gendaire groupe de Sidi Bel-Abb\u00e8s, Ra\u00efna Ra\u00ef.<\/p>\n<p>Pour les autres soir\u00e9es, suivront les artistes des 14 \u00c9tats membres qui prennent part \u00e0 ce 21e festival. On peut citer Ahellil Baba (chant religieux), Lamia A\u00eft Amara et Zakia Kara Terki (andalou), Iwal (chaoui), Salim Dada and Cie (oriental), Hind and Algerio (fado), Orchestre symphonique Acima (classique), Garage Band (pop\/rock), Dimastand (reggae\/gnawa). La cl\u00f4ture sera quant \u00e0 elle ponctu\u00e9e de la production d\u2019un orchestre de jeunes talents (musique du monde), \u201cconstitu\u00e9 \u00e0 l\u2019occasion, et montrera sur sc\u00e8ne avec une programmation surprise\u201d. \u00c0 noter que le festival sera retransmis pour la \u201cpremi\u00e8re fois sur une cha\u00eene de t\u00e9l\u00e9vision, El Djazairia One, qui assurera la diffusion, en diff\u00e9r\u00e9, de toutes les repr\u00e9sentations musicales au programme\u201d, est-il indiqu\u00e9. Pour rappel, le festival culturel europ\u00e9en se tenait depuis quelques ann\u00e9es \u00e0 l\u2019Oref. Au bout de vingt ans, il a conquis un public averti de m\u00e9lomanes.<\/p>\n<p>La sc\u00e8ne d\u2019Ibn Zeydoun a vu d\u00e9filer des vedettes telles que Samira Brahmia, Djamel Laroussi, Gaada Diwan B\u00e9char ou encore l\u2019Orchestre symphonique de Barb\u00e8s (ONB)&#8230; \u201cEn plus d\u2019\u00eatre une opportunit\u00e9 de promotion du dialogue, de la pluralit\u00e9 et la diversit\u00e9 culturelle alg\u00e9ro-europ\u00e9enne, l\u2019\u00e9v\u00e9nement se veut \u00eatre \u00e9galement un soutien au monde artistique qui a \u00e9t\u00e9 s\u00e9v\u00e8rement touch\u00e9 par les effets de la pand\u00e9mie mondiale\u201d, indiquent les organisateurs. \u00c0 noter qu\u2019en raison du contexte sanitaire, un protocole \u201cstrict\u201d a \u00e9t\u00e9 mis en place afin d\u2019\u201cassurer\u201d le respect des mesures de pr\u00e9vention. \u00c0 ce titre, la billetterie sera ouverte de 10h \u00e0 16h uniquement, seule la moiti\u00e9 des si\u00e8ges sera occup\u00e9e durant les concerts, le port du masque et l\u2019utilisation du gel hydroalcoolique seront obligatoires \u00e0 l\u2019entr\u00e9e du TNA et l\u2019acc\u00e8s sera interdit aux enfants de moins de 12 ans.\u00a0<\/p>\n<p class=\"c6\"><strong>R. C.<\/strong><\/p>\n<\/div>\n<p>Auteur:<br \/>\n<a href=\"https:\/\/www.liberte-algerie.com\/culture\/la-21e-edition-sous-le-signe-de-lalgerie-chante-leurope-360449\">Cliquez ici pour lire l&rsquo;article depuis sa source.<\/a><\/p>\n","protected":false},"excerpt":{"rendered":"<p>Apr\u00e8s une ann\u00e9e d\u2019absence en raison de la crise sanitaire, le festival europ\u00e9en fait son come-back du 24 juin au 2 juillet prochain, sur la sc\u00e8ne du Th\u00e9\u00e2tre national alg\u00e9rien (TNA). Organis\u00e9e par la d\u00e9l\u00e9gation de l\u2019Union europ\u00e9enne en Alg\u00e9rie, en coop\u00e9ration avec les services culturels des \u00c9tats membres, cette 21e \u00e9dition sera plac\u00e9e sous [&hellip;]<\/p>\n","protected":false},"author":1742,"featured_media":0,"comment_status":"closed","ping_status":"closed","sticky":false,"template":"","format":"standard","meta":{"fifu_image_url":"","fifu_image_alt":"","footnotes":""},"categories":[73,53],"tags":[],"class_list":["post-118670","post","type-post","status-publish","format-standard","hentry","category-actualite","category-algerie"],"_links":{"self":[{"href":"https:\/\/linitiative.ca\/International\/wp-json\/wp\/v2\/posts\/118670","targetHints":{"allow":["GET"]}}],"collection":[{"href":"https:\/\/linitiative.ca\/International\/wp-json\/wp\/v2\/posts"}],"about":[{"href":"https:\/\/linitiative.ca\/International\/wp-json\/wp\/v2\/types\/post"}],"author":[{"embeddable":true,"href":"https:\/\/linitiative.ca\/International\/wp-json\/wp\/v2\/users\/1742"}],"replies":[{"embeddable":true,"href":"https:\/\/linitiative.ca\/International\/wp-json\/wp\/v2\/comments?post=118670"}],"version-history":[{"count":0,"href":"https:\/\/linitiative.ca\/International\/wp-json\/wp\/v2\/posts\/118670\/revisions"}],"wp:attachment":[{"href":"https:\/\/linitiative.ca\/International\/wp-json\/wp\/v2\/media?parent=118670"}],"wp:term":[{"taxonomy":"category","embeddable":true,"href":"https:\/\/linitiative.ca\/International\/wp-json\/wp\/v2\/categories?post=118670"},{"taxonomy":"post_tag","embeddable":true,"href":"https:\/\/linitiative.ca\/International\/wp-json\/wp\/v2\/tags?post=118670"}],"curies":[{"name":"wp","href":"https:\/\/api.w.org\/{rel}","templated":true}]}}