{"id":118671,"date":"2021-06-16T05:30:00","date_gmt":"2021-06-16T09:30:00","guid":{"rendered":"https:\/\/linitiative.ca\/International\/journee-de-colere-hier-a-al-qods-occupee\/"},"modified":"2021-06-16T05:30:00","modified_gmt":"2021-06-16T09:30:00","slug":"journee-de-colere-hier-a-al-qods-occupee","status":"publish","type":"post","link":"https:\/\/linitiative.ca\/International\/journee-de-colere-hier-a-al-qods-occupee\/","title":{"rendered":"Journ\u00e9e de col\u00e8re hier \u00e0 Al-Qods occup\u00e9e"},"content":{"rendered":"<div id=\"originalText\" readability=\"100\">\n<p><strong>Le parcours de la marche n\u2019a pas encore \u00e9t\u00e9 annonc\u00e9, mais plusieurs m\u00e9dias\u00a0ont rapport\u00e9 que la police autoriserait les participants \u00e0 se rassembler devant la porte\u00a0de Damas sans les laisser acc\u00e9der au quartier musulman.<\/strong><\/p>\n<p>Les factions palestiniennes ont appel\u00e9 hier \u00e0 un \u201cjour de col\u00e8re\u201d \u00e0 Gaza et en Cisjordanie occup\u00e9e contre une marche de provocation, dite \u201cmarche des drapeaux\u201d, qu\u2019envisageaient de tenir des extr\u00e9mistes et colons isra\u00e9liens dans le quartier musulman de la vieille ville de J\u00e9rusalem, un mois apr\u00e8s les affrontements avec la police isra\u00e9lienne, qui ont caus\u00e9 des morts et des centaines de bless\u00e9s. \u201cCette marche est une provocation contre notre peuple et une agression contre notre J\u00e9rusalem et nos lieux saints\u201d, a d\u00e9clar\u00e9 le Premier ministre palestinien, Mohammad Shtayyeh.\u00a0<\/p>\n<p>Le mouvement palestinien de la r\u00e9sistance Hamas, qui dirige la bande de Gaza, a aussi averti de la possibilit\u00e9 d\u2019une reprise des hostilit\u00e9s si la marche avait lieu, moins d\u2019un mois apr\u00e8s qu\u2019un cessez-le-feu a mis fin \u00e0 onze jours d\u2019agression isra\u00e9lienne contre la bande de Gaza. Ainsi, au moins 20 colons juifs ont effectu\u00e9 hier une marche de provocation dans la vieille ville d\u2019Al-Qods occup\u00e9e, a rapport\u00e9 en effet l\u2019agence palestinienne d\u2019information Wafa, en citant des t\u00e9moins.<\/p>\n<p>Des groupes de colons ont renouvel\u00e9 leurs appels sur les r\u00e9seaux sociaux \u00e0 une marche de provocation dans la soir\u00e9e d\u2019aujourd\u2019hui, dans la vieille ville de la ville occup\u00e9e d\u2019Al-Qods, ajoute Wafa, ajoutant que 54 colons, ayant \u00e0 leur t\u00eate le colon extr\u00e9miste Yehuda Glick, ont effectu\u00e9 une invasion de la mosqu\u00e9e Al-Aqsa, sous une haute protection de la police d\u2019occupation isra\u00e9lienne. Les forces d\u2019occupation isra\u00e9liennes se pr\u00e9parent pour fournir une haute protection pour les colons juifs, dans la marche provocante des drapeaux, soutien encore la m\u00eame source.<\/p>\n<p>La police isra\u00e9lienne devait pr\u00e9senter ses recommandations d\u2019itin\u00e9raire aux responsables gouvernementaux lundi. La diplomatie palestinienne a fait savoir que la marche des drapeaux, a laquelle ont appel\u00e9 des extr\u00e9mistes juifs dans les rues d\u2019Al-Qods occup\u00e9e, y compris la vieille ville, est \u201cune menace directe pour les efforts d\u00e9ploy\u00e9s pour arr\u00eater l\u2019agression contre le peuple palestinien\u201d. Dans un communiqu\u00e9 de presse, le minist\u00e8re palestinien a mis en garde contre les cons\u00e9quences de la conduite de cette marche provocatrice, ses dangers et ses cons\u00e9quences, sur les efforts d\u00e9ploy\u00e9s pour stabiliser la tr\u00eave, arr\u00eater l\u2019agression et les efforts pour relancer le processus de paix. La m\u00eame autorit\u00e9 consid\u00e8re cela comme une poursuite de l\u2019agression continue de l\u2019occupation contre la ville sainte, ses lieux saints et ses habitants, et partie int\u00e9grante des op\u00e9rations isra\u00e9liennes de juda\u00efsation d\u2019Al-Qods occup\u00e9e.\u00a0<\/p>\n<p>Cette marche, organis\u00e9e par des supr\u00e9macistes juifs et qui a \u00e9t\u00e9 autoris\u00e9e par le tout nouveau Premier ministre de l\u2019\u00c9tat h\u00e9breu, faisait craindre un regain de violence et notamment une reprise des affrontements entre Isra\u00ebl et la r\u00e9sistance palestinienne dans la bande de Gaza.<\/p>\n<p>Le parcours de la marche n\u2019a pas encore \u00e9t\u00e9 annonc\u00e9, mais plusieurs m\u00e9dias ont rapport\u00e9 que la police autoriserait les participants \u00e0 se rassembler devant la porte de Damas sans les laisser acc\u00e9der au quartier musulman, dont la population est presque exclusivement palestinienne. Des manifestations de Palestiniens \u00e9taient parall\u00e8lement pr\u00e9vues \u00e0 18h (15h GMT) dans la bande de Gaza, tandis que le Hamas et le Fatah, le parti du pr\u00e9sident palestinien Mahmoud Abbas, ont appel\u00e9 les Palestiniens de J\u00e9rusalem \u00e0 se rassembler dans la vieille ville.<\/p>\n<p class=\"c6\"><strong>AMAR R.<\/strong><\/p>\n<\/div>\n<div id=\"text_core\" readability=\"100\">\n<p><strong>Le parcours de la marche n\u2019a pas encore \u00e9t\u00e9 annonc\u00e9, mais plusieurs m\u00e9dias\u00a0ont rapport\u00e9 que la police autoriserait les participants \u00e0 se rassembler devant la porte\u00a0de Damas sans les laisser acc\u00e9der au quartier musulman.<\/strong><\/p>\n<p>Les factions palestiniennes ont appel\u00e9 hier \u00e0 un \u201cjour de col\u00e8re\u201d \u00e0 Gaza et en Cisjordanie occup\u00e9e contre une marche de provocation, dite \u201cmarche des drapeaux\u201d, qu\u2019envisageaient de tenir des extr\u00e9mistes et colons isra\u00e9liens dans le quartier musulman de la vieille ville de J\u00e9rusalem, un mois apr\u00e8s les affrontements avec la police isra\u00e9lienne, qui ont caus\u00e9 des morts et des centaines de bless\u00e9s. \u201cCette marche est une provocation contre notre peuple et une agression contre notre J\u00e9rusalem et nos lieux saints\u201d, a d\u00e9clar\u00e9 le Premier ministre palestinien, Mohammad Shtayyeh.\u00a0<\/p>\n<p>Le mouvement palestinien de la r\u00e9sistance Hamas, qui dirige la bande de Gaza, a aussi averti de la possibilit\u00e9 d\u2019une reprise des hostilit\u00e9s si la marche avait lieu, moins d\u2019un mois apr\u00e8s qu\u2019un cessez-le-feu a mis fin \u00e0 onze jours d\u2019agression isra\u00e9lienne contre la bande de Gaza. Ainsi, au moins 20 colons juifs ont effectu\u00e9 hier une marche de provocation dans la vieille ville d\u2019Al-Qods occup\u00e9e, a rapport\u00e9 en effet l\u2019agence palestinienne d\u2019information Wafa, en citant des t\u00e9moins.<\/p>\n<p>Des groupes de colons ont renouvel\u00e9 leurs appels sur les r\u00e9seaux sociaux \u00e0 une marche de provocation dans la soir\u00e9e d\u2019aujourd\u2019hui, dans la vieille ville de la ville occup\u00e9e d\u2019Al-Qods, ajoute Wafa, ajoutant que 54 colons, ayant \u00e0 leur t\u00eate le colon extr\u00e9miste Yehuda Glick, ont effectu\u00e9 une invasion de la mosqu\u00e9e Al-Aqsa, sous une haute protection de la police d\u2019occupation isra\u00e9lienne. Les forces d\u2019occupation isra\u00e9liennes se pr\u00e9parent pour fournir une haute protection pour les colons juifs, dans la marche provocante des drapeaux, soutien encore la m\u00eame source.<\/p>\n<p>La police isra\u00e9lienne devait pr\u00e9senter ses recommandations d\u2019itin\u00e9raire aux responsables gouvernementaux lundi. La diplomatie palestinienne a fait savoir que la marche des drapeaux, a laquelle ont appel\u00e9 des extr\u00e9mistes juifs dans les rues d\u2019Al-Qods occup\u00e9e, y compris la vieille ville, est \u201cune menace directe pour les efforts d\u00e9ploy\u00e9s pour arr\u00eater l\u2019agression contre le peuple palestinien\u201d. Dans un communiqu\u00e9 de presse, le minist\u00e8re palestinien a mis en garde contre les cons\u00e9quences de la conduite de cette marche provocatrice, ses dangers et ses cons\u00e9quences, sur les efforts d\u00e9ploy\u00e9s pour stabiliser la tr\u00eave, arr\u00eater l\u2019agression et les efforts pour relancer le processus de paix. La m\u00eame autorit\u00e9 consid\u00e8re cela comme une poursuite de l\u2019agression continue de l\u2019occupation contre la ville sainte, ses lieux saints et ses habitants, et partie int\u00e9grante des op\u00e9rations isra\u00e9liennes de juda\u00efsation d\u2019Al-Qods occup\u00e9e.\u00a0<\/p>\n<p>Cette marche, organis\u00e9e par des supr\u00e9macistes juifs et qui a \u00e9t\u00e9 autoris\u00e9e par le tout nouveau Premier ministre de l\u2019\u00c9tat h\u00e9breu, faisait craindre un regain de violence et notamment une reprise des affrontements entre Isra\u00ebl et la r\u00e9sistance palestinienne dans la bande de Gaza.<\/p>\n<p>Le parcours de la marche n\u2019a pas encore \u00e9t\u00e9 annonc\u00e9, mais plusieurs m\u00e9dias ont rapport\u00e9 que la police autoriserait les participants \u00e0 se rassembler devant la porte de Damas sans les laisser acc\u00e9der au quartier musulman, dont la population est presque exclusivement palestinienne. Des manifestations de Palestiniens \u00e9taient parall\u00e8lement pr\u00e9vues \u00e0 18h (15h GMT) dans la bande de Gaza, tandis que le Hamas et le Fatah, le parti du pr\u00e9sident palestinien Mahmoud Abbas, ont appel\u00e9 les Palestiniens de J\u00e9rusalem \u00e0 se rassembler dans la vieille ville.<\/p>\n<p class=\"c6\"><strong>AMAR R.<\/strong><\/p>\n<\/div>\n<p>Auteur:<br \/>\n<a href=\"https:\/\/www.liberte-algerie.com\/international\/journee-de-colere-hier-a-al-qods-occupee-360448\">Cliquez ici pour lire l&rsquo;article depuis sa source.<\/a><\/p>\n","protected":false},"excerpt":{"rendered":"<p>Le parcours de la marche n\u2019a pas encore \u00e9t\u00e9 annonc\u00e9, mais plusieurs m\u00e9dias\u00a0ont rapport\u00e9 que la police autoriserait les participants \u00e0 se rassembler devant la porte\u00a0de Damas sans les laisser acc\u00e9der au quartier musulman. Les factions palestiniennes ont appel\u00e9 hier \u00e0 un \u201cjour de col\u00e8re\u201d \u00e0 Gaza et en Cisjordanie occup\u00e9e contre une marche de [&hellip;]<\/p>\n","protected":false},"author":1742,"featured_media":0,"comment_status":"closed","ping_status":"closed","sticky":false,"template":"","format":"standard","meta":{"fifu_image_url":"","fifu_image_alt":"","footnotes":""},"categories":[73,53],"tags":[],"class_list":["post-118671","post","type-post","status-publish","format-standard","hentry","category-actualite","category-algerie"],"_links":{"self":[{"href":"https:\/\/linitiative.ca\/International\/wp-json\/wp\/v2\/posts\/118671","targetHints":{"allow":["GET"]}}],"collection":[{"href":"https:\/\/linitiative.ca\/International\/wp-json\/wp\/v2\/posts"}],"about":[{"href":"https:\/\/linitiative.ca\/International\/wp-json\/wp\/v2\/types\/post"}],"author":[{"embeddable":true,"href":"https:\/\/linitiative.ca\/International\/wp-json\/wp\/v2\/users\/1742"}],"replies":[{"embeddable":true,"href":"https:\/\/linitiative.ca\/International\/wp-json\/wp\/v2\/comments?post=118671"}],"version-history":[{"count":0,"href":"https:\/\/linitiative.ca\/International\/wp-json\/wp\/v2\/posts\/118671\/revisions"}],"wp:attachment":[{"href":"https:\/\/linitiative.ca\/International\/wp-json\/wp\/v2\/media?parent=118671"}],"wp:term":[{"taxonomy":"category","embeddable":true,"href":"https:\/\/linitiative.ca\/International\/wp-json\/wp\/v2\/categories?post=118671"},{"taxonomy":"post_tag","embeddable":true,"href":"https:\/\/linitiative.ca\/International\/wp-json\/wp\/v2\/tags?post=118671"}],"curies":[{"name":"wp","href":"https:\/\/api.w.org\/{rel}","templated":true}]}}