{"id":118679,"date":"2021-06-16T14:00:00","date_gmt":"2021-06-16T18:00:00","guid":{"rendered":"https:\/\/linitiative.ca\/International\/le-developpement-socio-economique-est-un-droit-inalienable-au-sahara-marocain\/"},"modified":"2021-06-16T14:00:00","modified_gmt":"2021-06-16T18:00:00","slug":"le-developpement-socio-economique-est-un-droit-inalienable-au-sahara-marocain","status":"publish","type":"post","link":"https:\/\/linitiative.ca\/International\/le-developpement-socio-economique-est-un-droit-inalienable-au-sahara-marocain\/","title":{"rendered":"Le d\u00e9veloppement socio-\u00e9conomique est un droit inali\u00e9nable au Sahara marocain"},"content":{"rendered":"<p class=\"has-text-align-center has-vivid-red-color has-text-color\"><strong>Hilale devant le C24 de l\u2019ONU<\/strong><\/p>\n<p><strong>L\u2019ambassadeur Repr\u00e9sentant permanent du Maroc aupr\u00e8s de l\u2019ONU, Omar Hilale, a affirm\u00e9 devant le Comit\u00e9 des 24 des Nations-Unies, que le d\u00e9veloppement socio-\u00e9conomique est un droit inali\u00e9nable au Sahara marocain.<\/strong><\/p>\n<p>\u00ab\u00a0L\u2019article premier de la D\u00e9claration des Nations-Unies sur le droit au d\u00e9veloppement stipule que \u00ab Le droit au d\u00e9veloppement est un droit inali\u00e9nable de l\u2019homme \u00bb. Ce droit est l\u00e9gitime. Il est inh\u00e9rent \u00e0 tout \u00eatre humain. Les Nations Unies ne conditionnent sa jouissance \u00e0 aucun statut, ni solution politique, ni situation g\u00e9ographique. Bien plus, ce droit ne doit en aucun cas \u00eatre l\u2019otage d\u2019un diff\u00e9rend r\u00e9gional, ni li\u00e9 \u00e0 un processus de r\u00e8glement politique, ni victime des man\u0153uvres d\u2019un groupe arm\u00e9 s\u00e9paratiste \u00bb, a insist\u00e9 M. Hilale devant le Comit\u00e9.<\/p>\n<p>\u00ab Conscient de sa responsabilit\u00e9 \u00e0 l\u2019\u00e9gard de tous ses citoyens, le Maroc a entrepris des efforts colossaux pour assurer le d\u00e9veloppement socio-\u00e9conomique et l\u2019\u00e9mancipation politique de ses Provinces du Sud. En effet, gr\u00e2ce \u00e0 la clairvoyance du Sa Majest\u00e9 le Roi Mohammed VI, le Sahara marocain est devenu un exemple de d\u00e9veloppement socio-\u00e9conomique tant dans sa r\u00e9gion qu\u2019en Afrique, particuli\u00e8rement depuis le lancement, en 2015, du Nouveau mod\u00e8le de d\u00e9veloppement d\u2019un budget de plus de 8 milliards de dollars \u00bb, a pr\u00e9cis\u00e9 M. Hilale.<\/p>\n<p>A cet \u00e9gard, l\u2019ambassadeur a inform\u00e9 les membres du Comit\u00e9 \u00ab qu\u2019avec plus de 600 projets structurants, la strat\u00e9gie de d\u00e9veloppement du Maroc dans son Sahara a fait des provinces du sud un r\u00e9el moteur de d\u00e9veloppement local, r\u00e9gional et continental.<\/p>\n<p>Ce d\u00e9veloppement comprend notamment des infrastructures routi\u00e8res, maritimes et sanitaires, p\u00f4les industriels, d\u00e9veloppement agricole et \u00e9cotouristique, promotion de la recherche, de la formation et, d\u2019une mani\u00e8re globale, du savoir, de projets de d\u00e9veloppement humain, le port Atlantique-Dakhla, les parcs \u00e9oliens, ainsi que la station de dessalement des eaux pour l\u2019irrigation et le projet de voie express Tiznit-La\u00e2youne-Dakhla \u00bb.<\/p>\n<p>Et d\u2019ajouter qu\u2019en misant sur l\u2019\u00e9nergie solaire, les provinces du Sud du Royaume ont su impulser une dynamique de croissance durable via une mobilisation conjointe de l\u2019\u00c9tat et des \u00e9tablissements publics et priv\u00e9s dans la r\u00e9gion. \u00ab\u00a0De plus, ce sont des citoyens originaires du Sahara, qui g\u00e8rent les affaires de cette r\u00e9gion du Maroc, conform\u00e9ment \u00e0 leur droit au d\u00e9veloppement\u00a0\u00bb, a-t-il fait observer.<\/p>\n<p>A cet effet, M. Hilale a mis en exergue la participation des deux \u00e9lus des provinces du Sud \u00e0 cette session annuelle du C24, comme c\u2019est le cas depuis 2018, en l\u2019occurrence Mme Ghalla Bahiya, Vice-Pr\u00e9sidente de la r\u00e9gion Dakhla Oued Eddahab et M\u2019hamed Abba, Vice-Pr\u00e9sident de la r\u00e9gion Laayoune Sakia El Hamra.<\/p>\n<p>\u00ab Les deux repr\u00e9sentants, qui sont parmi nous aujourd\u2019hui, ont \u00e9t\u00e9 d\u00e9mocratiquement \u00e9lus par leurs fr\u00e8res et s\u0153urs. Leurs r\u00e9cits sont un \u00e9clatant t\u00e9moignage de leur travail sans rel\u00e2che sur le terrain, afin de garantir le d\u00e9veloppement de leur r\u00e9gion \u00bb a-t-il dit.<\/p>\n<p>Par ailleurs, l\u2019ambassadeur du Maroc a fait remarquer que \u00ab suite au blocage par les milices arm\u00e9es s\u00e9paratistes du \u00ab polisario \u00bb pendant plus de trois semaines, du passage routier de Guergarate, entre les fronti\u00e8res du Maroc et de la Mauritanie, le Maroc a entrepris, le 13 novembre 2020, une action de g\u00e9nie civil par laquelle il a r\u00e9tabli, une fois pour toutes, la libre circulation des personnes et des biens dans ce passage \u00bb.<\/p>\n<p>\u00ab\u00a0A cette occasion, je voudrais r\u00e9affirmer \u00e0 ces milices du \u00ab polisario \u00bb, qui se comportent comme des brigands, qu\u2019ils ne mettront plus jamais les pieds dans cette partie du Sahara marocain \u00bb, a assur\u00e9 M. Hilale, ajoutant que cette action pacifique du Maroc, qui a permis d\u2019ouvrir de fa\u00e7on d\u00e9finitive le passage, qui relie le Maroc \u00e0 la Mauritanie et au reste de l\u2019Afrique, a \u00e9t\u00e9 grandement salu\u00e9e tant par les populations des Provinces du Sud du Royaume, que par plusieurs pays et organisations r\u00e9gionales et internationales.<\/p>\n<p>Enfin, et s\u2019agissant de la pand\u00e9mie de Covid-19, le diplomate marocain a attir\u00e9 l\u2019attention des membres du Comit\u00e9 que \u00ab le Maroc a adopt\u00e9 des mesures urgentes pour contenir la propagation du virus dans toutes les villes, y compris au Sahara marocain. Ainsi, les Provinces du Sud affichent l\u2019un des taux les plus faibles de contamination, au niveau national \u00bb.<\/p>\n<p>Auteur: M&rsquo;hammed rahal<br \/>\n<a href=\"http:\/\/albayane.press.ma\/le-developpement-socio-economique-est-un-droit-inalienable-au-sahara-marocain.html\">Cliquez ici pour lire l&rsquo;article depuis sa source.<\/a><\/p>\n","protected":false},"excerpt":{"rendered":"<p>Hilale devant le C24 de l\u2019ONU L\u2019ambassadeur Repr\u00e9sentant permanent du Maroc aupr\u00e8s de l\u2019ONU, Omar Hilale, a affirm\u00e9 devant le Comit\u00e9 des 24 des Nations-Unies, que le d\u00e9veloppement socio-\u00e9conomique est un droit inali\u00e9nable au Sahara marocain. \u00ab\u00a0L\u2019article premier de la D\u00e9claration des Nations-Unies sur le droit au d\u00e9veloppement stipule que \u00ab Le droit au d\u00e9veloppement [&hellip;]<\/p>\n","protected":false},"author":1760,"featured_media":0,"comment_status":"closed","ping_status":"closed","sticky":false,"template":"","format":"standard","meta":{"fifu_image_url":"","fifu_image_alt":"","footnotes":""},"categories":[73,54],"tags":[],"class_list":["post-118679","post","type-post","status-publish","format-standard","hentry","category-actualite","category-maroc"],"_links":{"self":[{"href":"https:\/\/linitiative.ca\/International\/wp-json\/wp\/v2\/posts\/118679","targetHints":{"allow":["GET"]}}],"collection":[{"href":"https:\/\/linitiative.ca\/International\/wp-json\/wp\/v2\/posts"}],"about":[{"href":"https:\/\/linitiative.ca\/International\/wp-json\/wp\/v2\/types\/post"}],"author":[{"embeddable":true,"href":"https:\/\/linitiative.ca\/International\/wp-json\/wp\/v2\/users\/1760"}],"replies":[{"embeddable":true,"href":"https:\/\/linitiative.ca\/International\/wp-json\/wp\/v2\/comments?post=118679"}],"version-history":[{"count":0,"href":"https:\/\/linitiative.ca\/International\/wp-json\/wp\/v2\/posts\/118679\/revisions"}],"wp:attachment":[{"href":"https:\/\/linitiative.ca\/International\/wp-json\/wp\/v2\/media?parent=118679"}],"wp:term":[{"taxonomy":"category","embeddable":true,"href":"https:\/\/linitiative.ca\/International\/wp-json\/wp\/v2\/categories?post=118679"},{"taxonomy":"post_tag","embeddable":true,"href":"https:\/\/linitiative.ca\/International\/wp-json\/wp\/v2\/tags?post=118679"}],"curies":[{"name":"wp","href":"https:\/\/api.w.org\/{rel}","templated":true}]}}