{"id":118680,"date":"2021-06-16T14:00:00","date_gmt":"2021-06-16T18:00:00","guid":{"rendered":"https:\/\/linitiative.ca\/International\/le-chemin-de-lafricanisme-edifiant\/"},"modified":"2021-06-16T14:00:00","modified_gmt":"2021-06-16T18:00:00","slug":"le-chemin-de-lafricanisme-edifiant","status":"publish","type":"post","link":"https:\/\/linitiative.ca\/International\/le-chemin-de-lafricanisme-edifiant\/","title":{"rendered":"Le chemin de l\u2019africanisme \u00e9difiant !"},"content":{"rendered":"<p class=\"has-vivid-cyan-blue-color has-text-color\"><strong>Au moment o\u00f9 la soldatesque alg\u00e9rienne complote avec les nouveaux \u00ab\u00a0clients\u00a0\u00bb de sa campagne anti-marocaine, notre pays met les bouch\u00e9es doubles pour satisfaire sa population aussi bien \u00e0 l\u2019int\u00e9rieur qu\u2019\u00e0 l\u2019ext\u00e9rieur de son territoire. Le r\u00e9cent acte Royal de fluidifier le retour au bercail des\u00a0 compatriotes depuis les pays d\u2019accueil, avec des facilit\u00e9s princi\u00e8res en assurant le transport a\u00e9rien et maritime et surtout en r\u00e9duisant de mani\u00e8re exceptionnelle les tarifs, en est une majestueuse illustration.<\/strong><\/p>\n<p>Une belle action qui suscite, un satisfecit incommensurable chez les b\u00e9n\u00e9ficiaires et d\u00e9clenche une vague de col\u00e8re aupr\u00e8s de leurs coll\u00e8gues du voisin de l\u2019est, en fustigeant les h\u00f4tes d\u2019El Mouradia. Les soul\u00e8vements des vendredis au cours desquels les \u00e9meutiers r\u00e9clament la t\u00eate de leurs gouvernants, ne se lassent plus \u00e0 maintenir le cap jusqu\u2019\u00e0 la d\u00e9livrance du totalitarisme accablant en permanence. L\u2019appel aux l\u00e9gislatives qui se soldent par un fiasco cuisant n\u2019est que fuite en avant pour \u00e9luder cette avalanche d\u2019agitation, alors que les r\u00e9sultats sont d\u00e9j\u00e0 connus d\u2019avance dans un pays qui ne jure que par la menterie. Il ne fait donc pas de doute que la clique militaire compte ses jours et s\u2019en prend fr\u00e9n\u00e9tiquement \u00e0 son voisin qui l\u2019agace par sa s\u00e9r\u00e9nit\u00e9 et surtout son engagement \u00e0 \u00e9merger.<\/p>\n<p>Tout r\u00e9cemment, l\u2019on apprendra que le Nig\u00e9ria, pays qui se comptait parmi les entit\u00e9s hostiles \u00e0 notre int\u00e9grit\u00e9 territoriale, passe r\u00e9solument \u00e0 la mise \u00e0 ex\u00e9cution du gazoduc, suite \u00e0 un accord bilat\u00e9ral conclu avec notre pays, sous la pr\u00e9sidence des deux chefs d\u2019Etat. Le sch\u00e9ma de concr\u00e9tisation du projet de haute teneur \u00e9conomique dont b\u00e9n\u00e9ficie une flop\u00e9e de pays ouest-africain, incarne la nouvelle vision de r\u00e9ciprocit\u00e9, ax\u00e9e sur l\u2019africanisme \u00e9difiant, au lieu de l\u2019autarcie monopoliste pr\u00f4n\u00e9e, sans vergogne par Alger des d\u00e9cennies durant, aux temps de l\u2019opulence p\u00e9troli\u00e8re et gazi\u00e8re.<\/p>\n<p>L\u2019\u00e9tude de faisabilit\u00e9 \u00e9tant achev\u00e9e, la direction nig\u00e9riane s\u2019affronte au financement dont le cours de validation est imminent ainsi qu\u2019au plan directeur en vue de renforcer la p\u00e9rennit\u00e9 de ce projet d\u2019envergure. Cet \u00e9lan de grande port\u00e9e mutualiste est en passe de tendre des passerelles solidaires pour la construction d\u2019une Afrique forte et performante, capable de relever tous les d\u00e9fis. C\u2019est ainsi que toutes les ressources gazi\u00e8res seront achemin\u00e9es vers les pays de l\u2019Afrique de l\u2019Ouest et privil\u00e9gieront la communion inter-africaine de la r\u00e9gion. Il va sans dire que l\u2019\u00e9closion de l\u2019Afrique ne sera possible que dans ce sillage, celui de la mise en avant de l\u2019insoumission, de la d\u00e9mocratie et de la coop\u00e9ration, car elle est r\u00e9volue la tendance h\u00e9g\u00e9monique qui s\u00e8me la discorde et la d\u00e9sunion. Notre pays en est conscient et s\u2019ing\u00e9nie \u00e0 s\u2019y mettre pour ce faire\u00a0! \u00a0\u00a0<\/p>\n<p>Auteur: M&rsquo;hammed rahal<br \/>\n<a href=\"http:\/\/albayane.press.ma\/le-chemin-de-lafricanisme-edifiant.html\">Cliquez ici pour lire l&rsquo;article depuis sa source.<\/a><\/p>\n","protected":false},"excerpt":{"rendered":"<p>Au moment o\u00f9 la soldatesque alg\u00e9rienne complote avec les nouveaux \u00ab\u00a0clients\u00a0\u00bb de sa campagne anti-marocaine, notre pays met les bouch\u00e9es doubles pour satisfaire sa population aussi bien \u00e0 l\u2019int\u00e9rieur qu\u2019\u00e0 l\u2019ext\u00e9rieur de son territoire. Le r\u00e9cent acte Royal de fluidifier le retour au bercail des\u00a0 compatriotes depuis les pays d\u2019accueil, avec des facilit\u00e9s princi\u00e8res en [&hellip;]<\/p>\n","protected":false},"author":1760,"featured_media":0,"comment_status":"closed","ping_status":"closed","sticky":false,"template":"","format":"standard","meta":{"fifu_image_url":"","fifu_image_alt":"","footnotes":""},"categories":[73,54],"tags":[],"class_list":["post-118680","post","type-post","status-publish","format-standard","hentry","category-actualite","category-maroc"],"_links":{"self":[{"href":"https:\/\/linitiative.ca\/International\/wp-json\/wp\/v2\/posts\/118680","targetHints":{"allow":["GET"]}}],"collection":[{"href":"https:\/\/linitiative.ca\/International\/wp-json\/wp\/v2\/posts"}],"about":[{"href":"https:\/\/linitiative.ca\/International\/wp-json\/wp\/v2\/types\/post"}],"author":[{"embeddable":true,"href":"https:\/\/linitiative.ca\/International\/wp-json\/wp\/v2\/users\/1760"}],"replies":[{"embeddable":true,"href":"https:\/\/linitiative.ca\/International\/wp-json\/wp\/v2\/comments?post=118680"}],"version-history":[{"count":0,"href":"https:\/\/linitiative.ca\/International\/wp-json\/wp\/v2\/posts\/118680\/revisions"}],"wp:attachment":[{"href":"https:\/\/linitiative.ca\/International\/wp-json\/wp\/v2\/media?parent=118680"}],"wp:term":[{"taxonomy":"category","embeddable":true,"href":"https:\/\/linitiative.ca\/International\/wp-json\/wp\/v2\/categories?post=118680"},{"taxonomy":"post_tag","embeddable":true,"href":"https:\/\/linitiative.ca\/International\/wp-json\/wp\/v2\/tags?post=118680"}],"curies":[{"name":"wp","href":"https:\/\/api.w.org\/{rel}","templated":true}]}}