{"id":118681,"date":"2021-06-16T14:00:00","date_gmt":"2021-06-16T18:00:00","guid":{"rendered":"https:\/\/linitiative.ca\/International\/bourita-attire-lattention-sur-limpact-des-nouvelles-technologies\/"},"modified":"2021-06-16T14:00:00","modified_gmt":"2021-06-16T18:00:00","slug":"bourita-attire-lattention-sur-limpact-des-nouvelles-technologies","status":"publish","type":"post","link":"https:\/\/linitiative.ca\/International\/bourita-attire-lattention-sur-limpact-des-nouvelles-technologies\/","title":{"rendered":"Bourita attire l\u2019attention sur l\u2019impact des nouvelles technologies"},"content":{"rendered":"<p class=\"has-text-align-center has-vivid-cyan-blue-color has-text-color\"><strong>Le Conseil des droits de l\u2019homme de l\u2019ONU<\/strong><\/p>\n<p class=\"has-text-align-left\"><strong>Le Conseil des droits de l\u2019homme (CDH) doit accorder une attention particuli\u00e8re \u00e0 l\u2019impact des nouvelles technologies sur les droits de l\u2019homme, a soulign\u00e9, mardi, le ministre des Affaires \u00e9trang\u00e8res, de la Coop\u00e9ration Africaine et des Marocains r\u00e9sidant \u00e0 l\u2019\u00e9tranger, Nasser Bourita. S\u2019exprimant lors d\u2019un d\u00e9bat de haut-niveau, par visioconf\u00e9rence, sur le r\u00f4le du CDH dans la promotion d\u2019une approche bas\u00e9e sur les droits de l\u2019Homme vis-\u00e0-vis des technologies nouvelles et \u00e9mergentes, le ministre a affirm\u00e9 que le rythme actuel de l\u2019innovation num\u00e9rique d\u00e9passe la capacit\u00e9 des \u00c9tats \u00e0 g\u00e9rer leurs impacts soci\u00e9taux potentiels.<\/strong><\/p>\n<p class=\"has-text-align-left\">\u00ab\u00a0En effet, des lacunes importantes doivent \u00eatre combl\u00e9es, notamment en ce qui concerne la relation entre les nouvelles technologies et les droits de l\u2019homme\u00a0\u00bb, a-t-il dit. Dans ce contexte, Bourita a identifi\u00e9 quatre d\u00e9fis majeurs n\u00e9cessitant une attention particuli\u00e8re dans le contexte des technologies nouvelles et \u00e9mergentes.<\/p>\n<p class=\"has-text-align-left\">Le ministre a ainsi soulign\u00e9 que les nouvelles technologies ont un impact non n\u00e9gligeable sur l\u2019environnement. En effet, en termes d\u2019\u00e9missions de CO2, Internet pollue 1,5 fois plus que le transport a\u00e9rien, a dit Bourita. \u00ab\u00a0Par cons\u00e9quent, le CDH doit accorder une attention particuli\u00e8re \u00e0 l\u2019impact des nouvelles technologies sur les droits de l\u2019homme pour un environnement s\u00fbr, propre, sain et durable\u00a0\u00bb, a-t-il affirm\u00e9, relevant que le Maroc encourage vivement le Rapporteur sp\u00e9cial sur les droits de l\u2019homme et l\u2019environnement \u00e0 consacrer l\u2019un de ses prochains rapports \u00e0 cette question. En raison du d\u00e9veloppement de nouvelles technologies, il y a des cas o\u00f9 de nombreux emplois sont perdus, en particulier dans les pays en d\u00e9veloppement, a pr\u00e9cis\u00e9 le ministre. D\u2019ici 2030, dans environ 60% des professions, au moins un tiers des activit\u00e9s pourraient \u00eatre automatis\u00e9es et jusqu\u2019\u00e0 14 % de la main-d\u2019\u0153uvre mondiale devrait changer de cat\u00e9gorie professionnelle, a-t-il ajout\u00e9, citant l\u2019Organisation internationale du travail.<\/p>\n<p class=\"has-text-align-left\">Sans mesures appropri\u00e9es, notamment en r\u00e9orientant et en formant les travailleurs \u00e0 de nouveaux emplois, des familles enti\u00e8res pourraient \u00eatre profond\u00e9ment affect\u00e9es et leurs droits, y compris \u00e0 un emploi d\u00e9cent, refus\u00e9s, a mis en garde le ministre, qui a aussi soulign\u00e9 les impacts sociaux de l\u2019utilisation abusive des technologies, dont le partage de donn\u00e9es personnelles, les violations de la vie priv\u00e9e et la diffusion des \u00ab\u00a0fake news\u00a0\u00bb. Le terrorisme a \u00e9galement prolif\u00e9r\u00e9 avec les nouvelles technologies, notamment le recrutement en ligne par des groupes terroristes, la diffusion de discours de haine, les transferts d\u2019argent, etc, a indiqu\u00e9 M. Bourita.<\/p>\n<p class=\"has-text-align-left\">S\u2019agissant de la fracture num\u00e9rique entre le Nord et le Sud, le ministre a indiqu\u00e9 que les taux de p\u00e9n\u00e9tration d\u2019Internet montrent que l\u2019Afrique est \u00e0 la tra\u00eene avec un taux de 43%, tandis que l\u2019Am\u00e9rique du Nord est en t\u00eate avec un taux de 93% contre 88% pour l\u2019Europe. Par cons\u00e9quent, il est essentiel de garantir une meilleure accessibilit\u00e9 aux technologies dans les pays du Sud, y compris \u00e0 travers le transfert de technologies, l\u2019assistance technique et le renforcement des capacit\u00e9s, a-t-il dit.<\/p>\n<p class=\"has-text-align-left\">Concernant l\u2019Intelligence Artificielle, le ministre a affirm\u00e9 qu\u2019afin de s\u2019assurer que cette technologie soit pleinement conforme aux droits humains, chaque \u00e9tape du d\u00e9veloppement des algorithmes, y compris leur conception et leur d\u00e9ploiement, doit int\u00e9grer une approche fond\u00e9e sur les droits de l\u2019homme. \u00c0 cet \u00e9gard, il est imp\u00e9ratif de rapprocher le monde de l\u2019informatique et le monde des droits de l\u2019homme, de former des ing\u00e9nieurs aux droits de l\u2019homme et d\u2019impliquer des experts des droits de l\u2019homme dans les d\u00e9veloppements d\u2019algorithmes, a-t-il soulign\u00e9.<\/p>\n<p class=\"has-text-align-left\">Le Royaume du Maroc est pleinement conscient de l\u2019impact positif des nouvelles technologies sur l\u2019am\u00e9lioration de la vie de ses citoyens et la promotion des droits humains, tout en restant attentif aux d\u00e9fis que ces technologies posent, a dit M. Bourita. L\u2019approche visionnaire de Sa Majest\u00e9 le Roi Mohammed VI a fait des nouvelles technologies et de la num\u00e9risation de divers secteurs un enjeu majeur pour transformer l\u2019acc\u00e8s et la qualit\u00e9 des services publics, am\u00e9liorer l\u2019inclusion \u00e9conomique et r\u00e9duire la fracture num\u00e9rique, sans jamais renoncer aux droits humains, a-t-il ajout\u00e9.<\/p>\n<p class=\"has-text-align-left\">Ainsi, de multiples mesures l\u00e9gislatives, administratives et institutionnelles ont \u00e9t\u00e9 mises en place pour renforcer les droits humains et r\u00e9pondre aux risques li\u00e9s aux technologies nouvelles et \u00e9mergentes, comme la cr\u00e9ation de l\u2019Agence de d\u00e9veloppement num\u00e9rique et de la Commission nationale pour le Contr\u00f4le de la protection des donn\u00e9es personnelles, a rappel\u00e9 le ministre. Le Maroc attache \u00e9galement une grande importance \u00e0 la promotion de l\u2019\u00e9ducation et de l\u2019\u00e9galit\u00e9 des genres et s\u2019appuie sur des outils num\u00e9riques pour identifier et lutter contre les violations des droits humains telles que la discrimination et le harc\u00e8lement, a-t-il poursuivi, notant que le Royaume accorde \u00e9galement une attention particuli\u00e8re \u00e0 l\u2019\u00e9largissement de l\u2019acc\u00e8s des femmes \u00e0 l\u2019\u00e9ducation gr\u00e2ce \u00e0 l\u2019apprentissage en ligne.<\/p>\n<p class=\"has-text-align-left\">Le Nouveau Mod\u00e8le de D\u00e9veloppement, qui a \u00e9t\u00e9 r\u00e9cemment pr\u00e9sent\u00e9 \u00e0 Sa Majest\u00e9 le Roi souligne, \u00e0 son tour, que le num\u00e9rique est un v\u00e9ritable levier de changement et de d\u00e9veloppement, a indiqu\u00e9 le ministre, ajoutant que ce nouveau mod\u00e8le appelle \u00e0 accorder une attention particuli\u00e8re \u00e0 ce secteur en tant que catalyseur de transformations \u00e0 fort impact.<\/p>\n<p>Auteur: M&rsquo;hammed rahal<br \/>\n<a href=\"http:\/\/albayane.press.ma\/bourita-attire-lattention-sur-limpact-des-nouvelles-technologies.html\">Cliquez ici pour lire l&rsquo;article depuis sa source.<\/a><\/p>\n","protected":false},"excerpt":{"rendered":"<p>Le Conseil des droits de l\u2019homme de l\u2019ONU Le Conseil des droits de l\u2019homme (CDH) doit accorder une attention particuli\u00e8re \u00e0 l\u2019impact des nouvelles technologies sur les droits de l\u2019homme, a soulign\u00e9, mardi, le ministre des Affaires \u00e9trang\u00e8res, de la Coop\u00e9ration Africaine et des Marocains r\u00e9sidant \u00e0 l\u2019\u00e9tranger, Nasser Bourita. S\u2019exprimant lors d\u2019un d\u00e9bat de [&hellip;]<\/p>\n","protected":false},"author":1760,"featured_media":0,"comment_status":"closed","ping_status":"closed","sticky":false,"template":"","format":"standard","meta":{"fifu_image_url":"","fifu_image_alt":"","footnotes":""},"categories":[73,54],"tags":[],"class_list":["post-118681","post","type-post","status-publish","format-standard","hentry","category-actualite","category-maroc"],"_links":{"self":[{"href":"https:\/\/linitiative.ca\/International\/wp-json\/wp\/v2\/posts\/118681","targetHints":{"allow":["GET"]}}],"collection":[{"href":"https:\/\/linitiative.ca\/International\/wp-json\/wp\/v2\/posts"}],"about":[{"href":"https:\/\/linitiative.ca\/International\/wp-json\/wp\/v2\/types\/post"}],"author":[{"embeddable":true,"href":"https:\/\/linitiative.ca\/International\/wp-json\/wp\/v2\/users\/1760"}],"replies":[{"embeddable":true,"href":"https:\/\/linitiative.ca\/International\/wp-json\/wp\/v2\/comments?post=118681"}],"version-history":[{"count":0,"href":"https:\/\/linitiative.ca\/International\/wp-json\/wp\/v2\/posts\/118681\/revisions"}],"wp:attachment":[{"href":"https:\/\/linitiative.ca\/International\/wp-json\/wp\/v2\/media?parent=118681"}],"wp:term":[{"taxonomy":"category","embeddable":true,"href":"https:\/\/linitiative.ca\/International\/wp-json\/wp\/v2\/categories?post=118681"},{"taxonomy":"post_tag","embeddable":true,"href":"https:\/\/linitiative.ca\/International\/wp-json\/wp\/v2\/tags?post=118681"}],"curies":[{"name":"wp","href":"https:\/\/api.w.org\/{rel}","templated":true}]}}