{"id":118682,"date":"2021-06-16T14:00:00","date_gmt":"2021-06-16T18:00:00","guid":{"rendered":"https:\/\/linitiative.ca\/International\/lonmt-lance-loperation-welcome-back\/"},"modified":"2021-06-16T14:00:00","modified_gmt":"2021-06-16T18:00:00","slug":"lonmt-lance-loperation-welcome-back","status":"publish","type":"post","link":"https:\/\/linitiative.ca\/International\/lonmt-lance-loperation-welcome-back\/","title":{"rendered":"L\u2019ONMT lance l\u2019op\u00e9ration Welcome Back"},"content":{"rendered":"<p class=\"has-text-align-center has-vivid-red-color has-text-color\"><strong>R\u00e9ouverture du ciel marocain<\/strong><\/p>\n<p><strong>A l\u2019occasion de la r\u00e9ouverture du ciel marocain, l\u2019Office National Marocain du Tourisme (ONMT) a organis\u00e9, mardi \u00e0 l\u2019a\u00e9roport international Marrakech- M\u00e9nara, l\u2019op\u00e9ration \u00ab\u00a0Welcome Back\u00a0\u00bb pour accueillir les premiers touristes et Marocains du monde qui viennent de regagner le Royaume apr\u00e8s plusieurs mois de fermeture, en raison de la crise pand\u00e9mique mondiale li\u00e9e \u00e0 la Covid-19. Arriv\u00e9s \u00e0 la Cit\u00e9 ocre, des touristes \u00e9trangers, des Marocains du monde, ainsi que quelque stars internationales ont \u00e9t\u00e9 re\u00e7us, \u00e0 cette occasion, par une \u00ab\u00a0Team Maroc\u00a0\u00bb compos\u00e9e du Directeur G\u00e9n\u00e9ral de l\u2019ONMT, M. Adel El Fakir, ainsi que des responsables de la Conf\u00e9d\u00e9ration Nationale du Tourisme (CNT) et du Conseil R\u00e9gional du Tourisme (CRT) de Marrakech-Safi.<\/strong><\/p>\n<p>Pour joindre l\u2019utile \u00e0 l\u2019agr\u00e9able, l\u2019ONMT a bien voulu teinter cette op\u00e9ration \u00ab\u00a0Welcome Back\u00a0\u00bb d\u2019une note hautement symbolique, en faisant participer tous les m\u00e9tiers du secteur.\u00a0 Ainsi, concierges d\u2019h\u00f4tel, r\u00e9ceptionnistes, agents de voyage, femmes de chambre\u2026 les corps de m\u00e9tier de l\u2019ensemble de la chaine de valeur touristique ont r\u00e9pondu pr\u00e9sents \u00e0 cet \u00e9v\u00e9nement majeur, en uniformes, pour accueillir comme il se doit, les premiers visiteurs du Royaume, parmi les Marocains du Monde et les touristes \u00e9tranger.\u00a0 Par la m\u00eame occasion, il a \u00e9t\u00e9 proc\u00e9d\u00e9 \u00e0 l\u2019organisation d\u2019une haie d\u2019honneur sur tapis rouge, \u00e0 la descente de l\u2019avion avec tous ces acteurs qui sont en premi\u00e8re ligne au service des touristes tout au long de leur s\u00e9jour.\u00a0 Au bout de cette haie d\u2019honneur, une porte en bois sculpt\u00e9e, a \u00e9t\u00e9 soigneusement appos\u00e9e pour symboliser leur entr\u00e9e dans le Royaume.<\/p>\n<p>\u00ab\u00a0Nous sommes particuli\u00e8rement heureux de pouvoir accueillir \u00e0 nouveau les voyageurs qui viennent visiter notre beau pays. Cette c\u00e9r\u00e9monie est notre mani\u00e8re de c\u00e9l\u00e9brer symboliquement l\u2019aboutissement de tous les efforts d\u00e9ploy\u00e9s par les autorit\u00e9s nationales et les acteurs du tourisme pour la relance et la redynamisation du secteur touristique\u00a0\u00bb, a soulign\u00e9 M. El Fakir.<\/p>\n<p>\u00ab\u00a0Pour nous, cette c\u00e9r\u00e9monie confirme \u00e9galement que le Maroc est pr\u00eat \u00e0 recevoir ses visiteurs dans les meilleures conditions. L\u2019ensemble du secteur dans toutes ses composantes se trouve mobilis\u00e9\u00a0\u00bb, a-t-il ajout\u00e9.<br \/>Avec cette op\u00e9ration, l\u2019ONMT marque ainsi, officiellement l\u2019ouverture de la saison touristique estivale et concr\u00e9tise symboliquement les semaines et mois de travail acharn\u00e9 afin de garantir la programmation du Maroc en tant que destination mondiale dans les programmes de ses partenaires Tours Op\u00e9rateurs et compagnies a\u00e9riennes nationaux et internationaux.<\/p>\n<p>Auteur: M&rsquo;hammed rahal<br \/>\n<a href=\"http:\/\/albayane.press.ma\/lonmt-lance-loperation-welcome-back.html\">Cliquez ici pour lire l&rsquo;article depuis sa source.<\/a><\/p>\n","protected":false},"excerpt":{"rendered":"<p>R\u00e9ouverture du ciel marocain A l\u2019occasion de la r\u00e9ouverture du ciel marocain, l\u2019Office National Marocain du Tourisme (ONMT) a organis\u00e9, mardi \u00e0 l\u2019a\u00e9roport international Marrakech- M\u00e9nara, l\u2019op\u00e9ration \u00ab\u00a0Welcome Back\u00a0\u00bb pour accueillir les premiers touristes et Marocains du monde qui viennent de regagner le Royaume apr\u00e8s plusieurs mois de fermeture, en raison de la crise pand\u00e9mique [&hellip;]<\/p>\n","protected":false},"author":1760,"featured_media":0,"comment_status":"closed","ping_status":"closed","sticky":false,"template":"","format":"standard","meta":{"fifu_image_url":"","fifu_image_alt":"","footnotes":""},"categories":[73,54],"tags":[],"class_list":["post-118682","post","type-post","status-publish","format-standard","hentry","category-actualite","category-maroc"],"_links":{"self":[{"href":"https:\/\/linitiative.ca\/International\/wp-json\/wp\/v2\/posts\/118682","targetHints":{"allow":["GET"]}}],"collection":[{"href":"https:\/\/linitiative.ca\/International\/wp-json\/wp\/v2\/posts"}],"about":[{"href":"https:\/\/linitiative.ca\/International\/wp-json\/wp\/v2\/types\/post"}],"author":[{"embeddable":true,"href":"https:\/\/linitiative.ca\/International\/wp-json\/wp\/v2\/users\/1760"}],"replies":[{"embeddable":true,"href":"https:\/\/linitiative.ca\/International\/wp-json\/wp\/v2\/comments?post=118682"}],"version-history":[{"count":0,"href":"https:\/\/linitiative.ca\/International\/wp-json\/wp\/v2\/posts\/118682\/revisions"}],"wp:attachment":[{"href":"https:\/\/linitiative.ca\/International\/wp-json\/wp\/v2\/media?parent=118682"}],"wp:term":[{"taxonomy":"category","embeddable":true,"href":"https:\/\/linitiative.ca\/International\/wp-json\/wp\/v2\/categories?post=118682"},{"taxonomy":"post_tag","embeddable":true,"href":"https:\/\/linitiative.ca\/International\/wp-json\/wp\/v2\/tags?post=118682"}],"curies":[{"name":"wp","href":"https:\/\/api.w.org\/{rel}","templated":true}]}}